{"id":14920,"date":"2025-06-17T14:10:15","date_gmt":"2025-06-17T12:10:15","guid":{"rendered":"https:\/\/elcafedepipa.com\/?p=14920"},"modified":"2025-06-17T14:10:16","modified_gmt":"2025-06-17T12:10:16","slug":"la-policia-local-dalmenara-tindra-una-oficina-a-la-platja-casablanca-durant-els-mesos-de-juliol-i-agost","status":"publish","type":"post","link":"https:\/\/elcafedepipa.com\/index.php\/2025\/06\/17\/la-policia-local-dalmenara-tindra-una-oficina-a-la-platja-casablanca-durant-els-mesos-de-juliol-i-agost\/","title":{"rendered":"La Policia local d\u2019Almenara tindr\u00e0 una Oficina a la Platja Casablanca durant els mesos de Juliol i Agost."},"content":{"rendered":"\n<p><strong>Estar\u00e0 situada al Carrer Fillola, al costat del Passeig Mar\u00edtim<\/strong><\/p>\n\n\n\n<p>La Policia Local d&#8217;Almenara disposar\u00e0 d&#8217;una reguarda a la Platja Casablanca durant els mesos de juliol i agost amb la finalitat de prestar un servei m\u00e9s pr\u00f2xim als ve\u00efns, ve\u00efnes i visitants del nucli mar\u00edtim, tant en atenci\u00f3 ciutadana, com en les labors de vigil\u00e0ncia. L&#8217;oficina estar\u00e0 situada al Carrer Fillola, en un punt accessible prop del Passeig Mar\u00edtim, de la zona de bany i del barri antic del nucli mar\u00edtim.<\/p>\n\n\n\n<p>A m\u00e9s de l&#8217;atenci\u00f3 ve\u00efnal en la nova reguarda de la platja Casablanca, de la ubicada a l&#8217;Ajuntament d&#8217;Almenara i en el tel\u00e8fon 639 82 27 27, cal recordar que les tasques i labors de vigil\u00e0ncia de la Policia Local s\u00f3n cont\u00ednues les 24 hores al dia en tot el terme municipal.<\/p>\n\n\n\n<p>L&#8217;alcaldessa, Est\u00edbaliz P\u00e9rez, ha destacat que \u201camb aquesta nova reguarda a la Platja Casablanca volem fomentar la policia de proximitat en el nostre nucli mar\u00edtim amb un lloc d&#8217;atenci\u00f3 ciutadana i de resposta r\u00e0pida davant qualsevol incid\u00e8ncia, que complemente les tasques de vigil\u00e0ncia habituals de les diferents patrulles al llarg de les 24 hores del dia en tot el terme\u201d.<\/p>\n","protected":false},"excerpt":{"rendered":"<p>Estar\u00e0 situada al Carrer Fillola, al costat del Passeig Mar\u00edtim La Policia Local d&#8217;Almenara disposar\u00e0 d&#8217;una reguarda a la Platja Casablanca durant els mesos de juliol i agost amb la finalitat de prestar un servei m\u00e9s pr\u00f2xim als ve\u00efns, ve\u00efnes i visitants del nucli mar\u00edtim, tant en atenci\u00f3 ciutadana, com en les labors de vigil\u00e0ncia. &#8230; <a title=\"La Policia local d\u2019Almenara tindr\u00e0 una Oficina a la Platja Casablanca durant els mesos de Juliol i Agost.\" class=\"read-more\" href=\"https:\/\/elcafedepipa.com\/index.php\/2025\/06\/17\/la-policia-local-dalmenara-tindra-una-oficina-a-la-platja-casablanca-durant-els-mesos-de-juliol-i-agost\/\" aria-label=\"M\u00e9s informaci\u00f3 sobre La Policia local d\u2019Almenara tindr\u00e0 una Oficina a la Platja Casablanca durant els mesos de Juliol i Agost.\">Read more<\/a><\/p>\n","protected":false},"author":2,"featured_media":14921,"comment_status":"closed","ping_status":"closed","sticky":false,"template":"","format":"standard","meta":{"om_disable_all_campaigns":false,"_monsterinsights_skip_tracking":false,"_monsterinsights_sitenote_active":false,"_monsterinsights_sitenote_note":"","_monsterinsights_sitenote_category":0,"_uf_show_specific_survey":0,"_uf_disable_surveys":false,"footnotes":""},"categories":[5],"tags":[],"class_list":["post-14920","post","type-post","status-publish","format-standard","has-post-thumbnail","hentry","category-almenara"],"_links":{"self":[{"href":"https:\/\/elcafedepipa.com\/index.php\/wp-json\/wp\/v2\/posts\/14920","targetHints":{"allow":["GET"]}}],"collection":[{"href":"https:\/\/elcafedepipa.com\/index.php\/wp-json\/wp\/v2\/posts"}],"about":[{"href":"https:\/\/elcafedepipa.com\/index.php\/wp-json\/wp\/v2\/types\/post"}],"author":[{"embeddable":true,"href":"https:\/\/elcafedepipa.com\/index.php\/wp-json\/wp\/v2\/users\/2"}],"replies":[{"embeddable":true,"href":"https:\/\/elcafedepipa.com\/index.php\/wp-json\/wp\/v2\/comments?post=14920"}],"version-history":[{"count":1,"href":"https:\/\/elcafedepipa.com\/index.php\/wp-json\/wp\/v2\/posts\/14920\/revisions"}],"predecessor-version":[{"id":14922,"href":"https:\/\/elcafedepipa.com\/index.php\/wp-json\/wp\/v2\/posts\/14920\/revisions\/14922"}],"wp:featuredmedia":[{"embeddable":true,"href":"https:\/\/elcafedepipa.com\/index.php\/wp-json\/wp\/v2\/media\/14921"}],"wp:attachment":[{"href":"https:\/\/elcafedepipa.com\/index.php\/wp-json\/wp\/v2\/media?parent=14920"}],"wp:term":[{"taxonomy":"category","embeddable":true,"href":"https:\/\/elcafedepipa.com\/index.php\/wp-json\/wp\/v2\/categories?post=14920"},{"taxonomy":"post_tag","embeddable":true,"href":"https:\/\/elcafedepipa.com\/index.php\/wp-json\/wp\/v2\/tags?post=14920"}],"curies":[{"name":"wp","href":"https:\/\/api.w.org\/{rel}","templated":true}]}}