{"id":14917,"date":"2025-06-17T14:09:15","date_gmt":"2025-06-17T12:09:15","guid":{"rendered":"https:\/\/elcafedepipa.com\/?p=14917"},"modified":"2025-06-17T14:55:33","modified_gmt":"2025-06-17T12:55:33","slug":"moncofa-sera-el-primer-municipi-a-sollicitar-la-proteccio-de-les-casetes-de-primera-linia-com-a-nucli-de-valor-etnologic","status":"publish","type":"post","link":"https:\/\/elcafedepipa.com\/index.php\/2025\/06\/17\/moncofa-sera-el-primer-municipi-a-sollicitar-la-proteccio-de-les-casetes-de-primera-linia-com-a-nucli-de-valor-etnologic\/","title":{"rendered":"Moncofa ser\u00e0 el primer municipi a sol\u00b7licitar la protecci\u00f3 de les casetes de primera l\u00ednia com a nucli de valor etnol\u00f2gic"},"content":{"rendered":"\n<ul class=\"wp-block-list\">\n<li><strong>El PP de Moncofa impulsa una moci\u00f3 emparada a la nova Llei de Costes de la Comunitat Valenciana<\/strong><\/li>\n<\/ul>\n\n\n\n<p>El Partit Popular de Moncofa ha presentat una moci\u00f3 per a la seua aprovaci\u00f3 en el proper Ple municipal, previst per al 26 de juny, amb l&#8217;objectiu de sol\u00b7licitar a la Generalitat Valenciana la declaraci\u00f3 de les casetes del Grau com a nucli urb\u00e0 amb especials valors etnol\u00f2gics, tal com preveu l&#8217;article 17 de la nova Llei de Costes de la Comunitat Valenciana contemplada per la nova llei, que reconeix el valor cultural, hist\u00f2ric i social de les construccions tradicionals del litoral.<\/p>\n\n\n\n<p>Jos\u00e9 Mar\u00eda Andr\u00e9s, president del PP de Moncofa i portaveu del Grup Municipal Popular, ha defensat la iniciativa com \u201cuna eina clau per donar seguretat jur\u00eddica als ve\u00efns i evitar que es perda un patrimoni hist\u00f2ric que forma part de la nostra identitat col\u00b7lectiva\u201d.<\/p>\n\n\n\n<p>La moci\u00f3 tamb\u00e9 inclou una petici\u00f3 al Govern d&#8217;Espanya perqu\u00e8 suspenguen les delimitacions del domini p\u00fablic mar\u00edtim-terrestre mentre no es reforme la Llei de Costes estatal i s&#8217;executen les obres de protecci\u00f3 del litoral pendents.<\/p>\n\n\n\n<p>L&#8217;alcalde de Moncofa i diputat auton\u00f2mic del PP, Wences Al\u00f3s, ha estat un dels defensors de la nova norma valenciana a les Corts, destacant que \u201caquesta llei permet compatibilitzar la protecci\u00f3 ambiental amb la preservaci\u00f3 dels usos tradicionals de la costa, reconeixent la singularitat dels nostres nuclis hist\u00f2rics, defensem el medi ambient, el turisme i el patrimoni\u201d.<\/p>\n\n\n\n<p>La nova Llei 3\/2025, de 22 de maig, de la Generalitat Valenciana, publicada al DOGV el passat 26 de maig, contempla per primera vegada la possibilitat de declarar com a nuclis de valor etnol\u00f2gic aquells espais que acumulin valors culturals o hist\u00f2rics rellevants i la desaparici\u00f3 dels quals suposaria una p\u00e8rdua irreparable per al patrimoni immaterial un pas hist\u00f2ric per a la protecci\u00f3 de les casetes de primera l\u00ednia del Grau.<\/p>\n\n\n\n<p><\/p>\n","protected":false},"excerpt":{"rendered":"<p>El Partit Popular de Moncofa ha presentat una moci\u00f3 per a la seua aprovaci\u00f3 en el proper Ple municipal, previst per al 26 de juny, amb l&#8217;objectiu de sol\u00b7licitar a la Generalitat Valenciana la declaraci\u00f3 de les casetes del Grau com a nucli urb\u00e0 amb especials valors etnol\u00f2gics, tal com preveu l&#8217;article 17 de la &#8230; <a title=\"Moncofa ser\u00e0 el primer municipi a sol\u00b7licitar la protecci\u00f3 de les casetes de primera l\u00ednia com a nucli de valor etnol\u00f2gic\" class=\"read-more\" href=\"https:\/\/elcafedepipa.com\/index.php\/2025\/06\/17\/moncofa-sera-el-primer-municipi-a-sollicitar-la-proteccio-de-les-casetes-de-primera-linia-com-a-nucli-de-valor-etnologic\/\" aria-label=\"M\u00e9s informaci\u00f3 sobre Moncofa ser\u00e0 el primer municipi a sol\u00b7licitar la protecci\u00f3 de les casetes de primera l\u00ednia com a nucli de valor etnol\u00f2gic\">Read more<\/a><\/p>\n","protected":false},"author":2,"featured_media":14918,"comment_status":"closed","ping_status":"closed","sticky":false,"template":"","format":"standard","meta":{"om_disable_all_campaigns":false,"_monsterinsights_skip_tracking":false,"_monsterinsights_sitenote_active":false,"_monsterinsights_sitenote_note":"","_monsterinsights_sitenote_category":0,"_uf_show_specific_survey":0,"_uf_disable_surveys":false,"footnotes":""},"categories":[1],"tags":[],"class_list":["post-14917","post","type-post","status-publish","format-standard","has-post-thumbnail","hentry","category-non-classe"],"_links":{"self":[{"href":"https:\/\/elcafedepipa.com\/index.php\/wp-json\/wp\/v2\/posts\/14917","targetHints":{"allow":["GET"]}}],"collection":[{"href":"https:\/\/elcafedepipa.com\/index.php\/wp-json\/wp\/v2\/posts"}],"about":[{"href":"https:\/\/elcafedepipa.com\/index.php\/wp-json\/wp\/v2\/types\/post"}],"author":[{"embeddable":true,"href":"https:\/\/elcafedepipa.com\/index.php\/wp-json\/wp\/v2\/users\/2"}],"replies":[{"embeddable":true,"href":"https:\/\/elcafedepipa.com\/index.php\/wp-json\/wp\/v2\/comments?post=14917"}],"version-history":[{"count":2,"href":"https:\/\/elcafedepipa.com\/index.php\/wp-json\/wp\/v2\/posts\/14917\/revisions"}],"predecessor-version":[{"id":14935,"href":"https:\/\/elcafedepipa.com\/index.php\/wp-json\/wp\/v2\/posts\/14917\/revisions\/14935"}],"wp:featuredmedia":[{"embeddable":true,"href":"https:\/\/elcafedepipa.com\/index.php\/wp-json\/wp\/v2\/media\/14918"}],"wp:attachment":[{"href":"https:\/\/elcafedepipa.com\/index.php\/wp-json\/wp\/v2\/media?parent=14917"}],"wp:term":[{"taxonomy":"category","embeddable":true,"href":"https:\/\/elcafedepipa.com\/index.php\/wp-json\/wp\/v2\/categories?post=14917"},{"taxonomy":"post_tag","embeddable":true,"href":"https:\/\/elcafedepipa.com\/index.php\/wp-json\/wp\/v2\/tags?post=14917"}],"curies":[{"name":"wp","href":"https:\/\/api.w.org\/{rel}","templated":true}]}}