{"id":14908,"date":"2025-06-17T12:51:54","date_gmt":"2025-06-17T10:51:54","guid":{"rendered":"https:\/\/elcafedepipa.com\/?p=14908"},"modified":"2025-06-17T12:51:55","modified_gmt":"2025-06-17T10:51:55","slug":"la-ude-segueix-immersa-en-la-confeccio-de-la-plantillade-cara-a-la-propera-temporada","status":"publish","type":"post","link":"https:\/\/elcafedepipa.com\/index.php\/2025\/06\/17\/la-ude-segueix-immersa-en-la-confeccio-de-la-plantillade-cara-a-la-propera-temporada\/","title":{"rendered":"La UDE segueix immersa en la confecci\u00f3 de la plantillade cara a la propera temporada"},"content":{"rendered":"\n<p><strong>Avan\u00e7a el mes de juny i amb ell, la planificaci\u00f3 esportiva de l&#8217;UDE de cara al proper curs futbol\u00edstic on repetir\u00e0 a Tercera RFEF.<\/strong><\/p>\n\n\n\n<p>De moment el club ha notificat a trav\u00e9s dels seus canals oficials a les xarxes socials, les incorporacions del porter Rafa Soriano procedent de la SD Formentera i del defensa central d&#8217;Albacete, Ricardo Ca\u00f1ada.<\/p>\n\n\n\n<p>Al cap\u00edtol de renovacions 8 s\u00f3n les confirmades per part del club: David, Pi\u00f1a, Burri, Casta\u00f1o, A\u00f1\u00f3, Luismi, Amine i Ximo Forner.<\/p>\n\n\n\n<p>10 s\u00f3n els jugadors amb la data d&#8217;avui compta la UDE per a la temporada que ve, per\u00f2 Radio La Vall d&#8217;Uix\u00f3 pot avan\u00e7ar que el club t\u00e9 lligada la continu\u00eftat de Sergio Soler.<\/p>\n\n\n\n<p>I com ja avancem al seu moment estan tancades les arribades de: V\u00edctor Pacheco (CD L&#8217;Alcora), Iv\u00e1n Dom\u00ednguez (CD Acer), Hugo Monta\u00f1ana (Atl\u00e8tic Sagunt\u00ed), Fernando Vi\u00f1aspre (Atzeneta UE), Iv\u00e1n Garc\u00eda (Ontinyent 1931 CF) i el jove nigeri\u00e0 Usman Braim.<br><\/p>\n","protected":false},"excerpt":{"rendered":"<p>Avan\u00e7a el mes de juny i amb ell, la planificaci\u00f3 esportiva de l&#8217;UDE de cara al proper curs futbol\u00edstic on repetir\u00e0 a Tercera RFEF. De moment el club ha notificat a trav\u00e9s dels seus canals oficials a les xarxes socials, les incorporacions del porter Rafa Soriano procedent de la SD Formentera i del defensa central &#8230; <a title=\"La UDE segueix immersa en la confecci\u00f3 de la plantillade cara a la propera temporada\" class=\"read-more\" href=\"https:\/\/elcafedepipa.com\/index.php\/2025\/06\/17\/la-ude-segueix-immersa-en-la-confeccio-de-la-plantillade-cara-a-la-propera-temporada\/\" aria-label=\"M\u00e9s informaci\u00f3 sobre La UDE segueix immersa en la confecci\u00f3 de la plantillade cara a la propera temporada\">Read more<\/a><\/p>\n","protected":false},"author":2,"featured_media":14909,"comment_status":"closed","ping_status":"closed","sticky":false,"template":"","format":"standard","meta":{"om_disable_all_campaigns":false,"_monsterinsights_skip_tracking":false,"_monsterinsights_sitenote_active":false,"_monsterinsights_sitenote_note":"","_monsterinsights_sitenote_category":0,"_uf_show_specific_survey":0,"_uf_disable_surveys":false,"footnotes":""},"categories":[1],"tags":[],"class_list":["post-14908","post","type-post","status-publish","format-standard","has-post-thumbnail","hentry","category-non-classe"],"_links":{"self":[{"href":"https:\/\/elcafedepipa.com\/index.php\/wp-json\/wp\/v2\/posts\/14908","targetHints":{"allow":["GET"]}}],"collection":[{"href":"https:\/\/elcafedepipa.com\/index.php\/wp-json\/wp\/v2\/posts"}],"about":[{"href":"https:\/\/elcafedepipa.com\/index.php\/wp-json\/wp\/v2\/types\/post"}],"author":[{"embeddable":true,"href":"https:\/\/elcafedepipa.com\/index.php\/wp-json\/wp\/v2\/users\/2"}],"replies":[{"embeddable":true,"href":"https:\/\/elcafedepipa.com\/index.php\/wp-json\/wp\/v2\/comments?post=14908"}],"version-history":[{"count":2,"href":"https:\/\/elcafedepipa.com\/index.php\/wp-json\/wp\/v2\/posts\/14908\/revisions"}],"predecessor-version":[{"id":14911,"href":"https:\/\/elcafedepipa.com\/index.php\/wp-json\/wp\/v2\/posts\/14908\/revisions\/14911"}],"wp:featuredmedia":[{"embeddable":true,"href":"https:\/\/elcafedepipa.com\/index.php\/wp-json\/wp\/v2\/media\/14909"}],"wp:attachment":[{"href":"https:\/\/elcafedepipa.com\/index.php\/wp-json\/wp\/v2\/media?parent=14908"}],"wp:term":[{"taxonomy":"category","embeddable":true,"href":"https:\/\/elcafedepipa.com\/index.php\/wp-json\/wp\/v2\/categories?post=14908"},{"taxonomy":"post_tag","embeddable":true,"href":"https:\/\/elcafedepipa.com\/index.php\/wp-json\/wp\/v2\/tags?post=14908"}],"curies":[{"name":"wp","href":"https:\/\/api.w.org\/{rel}","templated":true}]}}