{"id":14899,"date":"2025-06-17T11:20:57","date_gmt":"2025-06-17T09:20:57","guid":{"rendered":"https:\/\/elcafedepipa.com\/?p=14899"},"modified":"2025-06-17T11:20:58","modified_gmt":"2025-06-17T09:20:58","slug":"lajuntament-de-la-vall-duixo-comencara-el-8-de-setembre-el-servei-descoleta-matinera","status":"publish","type":"post","link":"https:\/\/elcafedepipa.com\/index.php\/2025\/06\/17\/lajuntament-de-la-vall-duixo-comencara-el-8-de-setembre-el-servei-descoleta-matinera\/","title":{"rendered":"L&#8217;Ajuntament de la Vall d&#8217;Uix\u00f3 comen\u00e7ar\u00e0 el 8 de setembre el servei d&#8217;Escoleta Matinera"},"content":{"rendered":"\n<p><strong>Les inscripcions ja estan obertes per a aquest programa de conciliaci\u00f3 familiar i laboral que avan\u00e7a l&#8217;entrada al col\u00b7legi<\/strong><\/p>\n\n\n\n<p>L&#8217;Ajuntament de la Vall d&#8217;Uix\u00f3 ha obert el termini d&#8217;inscripci\u00f3 a l&#8217;Escoleta Matinera del curs 2025-2026, que comen\u00e7ar\u00e0 el 8 de setembre als centres d&#8217;infantil i prim\u00e0ria. L&#8217;horari de prestaci\u00f3 del servei ser\u00e0 de 7.30 a 9.00 hores, amb l&#8217;objectiu de facilitar la conciliaci\u00f3 familiar i laboral de les fam\u00edlies amb l&#8217;avan\u00e7 de l&#8217;entrada als centres educatius, tal com ha explicat la regidora d&#8217;Igualtat, Maria Cruces.<\/p>\n\n\n\n<p>Aquest programa es presta en col\u00b7laboraci\u00f3 amb el Ministeri dIgualtat a trav\u00e9s del pla Corresponsables. Cruces ha destacat que aquesta iniciativa &#8220;descarrega tamb\u00e9 les \u00e0vies i els avis d&#8217;una tasca que moltes vegades fan ells&#8221;. Durant l&#8217;horari d&#8217;Escoleta Matinera els nens i nenes esmorzen i participen en tallers, jocs o lectures, de manera que gaudeixen d&#8217;un temps d&#8217;oci educatiu no lectiu.<\/p>\n\n\n\n<p>Les inscripcions es poden realitzar ja a la seu electr\u00f2nica de www.lavallduixo.es o presencialment (amb cita) a l&#8217;OAC, ubicada a la planta baixa del Palau de Vivel. El preu del trimestre \u00e9s de 45 euros, el mensual de 15 euros i el val de 10 dies de 10 euros. A m\u00e9s, tamb\u00e9 es poden aportar propostes de millora.<\/p>\n\n\n\n<p>La regidora d&#8217;Igualtat ha assenyalat que les opinions i el grau de satisfacci\u00f3 de les fam\u00edlies \u00e9s positiu i l&#8217;augment del nombre d&#8217;escolars matriculats ha estat progressiu durant el curs actual. De fet, el setembre del 2024 van comen\u00e7ar 127 nens i nenes i el maig del 2025 \u2013\u00faltim mes amb dades disponibles\u2013 n&#8217;hi havia 234<\/p>\n\n\n\n<figure class=\"wp-block-image size-large\"><img fetchpriority=\"high\" decoding=\"async\" width=\"724\" height=\"1024\" src=\"https:\/\/elcafedepipa.com\/wp-content\/uploads\/2025\/06\/Cartell-Escoleta-Matinera-25-26-724x1024.jpg\" alt=\"\" class=\"wp-image-14901\" srcset=\"https:\/\/elcafedepipa.com\/wp-content\/uploads\/2025\/06\/Cartell-Escoleta-Matinera-25-26-724x1024.jpg 724w, https:\/\/elcafedepipa.com\/wp-content\/uploads\/2025\/06\/Cartell-Escoleta-Matinera-25-26-212x300.jpg 212w, https:\/\/elcafedepipa.com\/wp-content\/uploads\/2025\/06\/Cartell-Escoleta-Matinera-25-26-768x1086.jpg 768w, https:\/\/elcafedepipa.com\/wp-content\/uploads\/2025\/06\/Cartell-Escoleta-Matinera-25-26-1086x1536.jpg 1086w, https:\/\/elcafedepipa.com\/wp-content\/uploads\/2025\/06\/Cartell-Escoleta-Matinera-25-26-1448x2048.jpg 1448w, https:\/\/elcafedepipa.com\/wp-content\/uploads\/2025\/06\/Cartell-Escoleta-Matinera-25-26.jpg 1587w\" sizes=\"(max-width: 724px) 100vw, 724px\" \/><\/figure>\n","protected":false},"excerpt":{"rendered":"<p>Les inscripcions ja estan obertes per a aquest programa de conciliaci\u00f3 familiar i laboral que avan\u00e7a l&#8217;entrada al col\u00b7legi L&#8217;Ajuntament de la Vall d&#8217;Uix\u00f3 ha obert el termini d&#8217;inscripci\u00f3 a l&#8217;Escoleta Matinera del curs 2025-2026, que comen\u00e7ar\u00e0 el 8 de setembre als centres d&#8217;infantil i prim\u00e0ria. L&#8217;horari de prestaci\u00f3 del servei ser\u00e0 de 7.30 a &#8230; <a title=\"L&#8217;Ajuntament de la Vall d&#8217;Uix\u00f3 comen\u00e7ar\u00e0 el 8 de setembre el servei d&#8217;Escoleta Matinera\" class=\"read-more\" href=\"https:\/\/elcafedepipa.com\/index.php\/2025\/06\/17\/lajuntament-de-la-vall-duixo-comencara-el-8-de-setembre-el-servei-descoleta-matinera\/\" aria-label=\"M\u00e9s informaci\u00f3 sobre L&#8217;Ajuntament de la Vall d&#8217;Uix\u00f3 comen\u00e7ar\u00e0 el 8 de setembre el servei d&#8217;Escoleta Matinera\">Read more<\/a><\/p>\n","protected":false},"author":2,"featured_media":14900,"comment_status":"closed","ping_status":"closed","sticky":false,"template":"","format":"standard","meta":{"om_disable_all_campaigns":false,"_monsterinsights_skip_tracking":false,"_monsterinsights_sitenote_active":false,"_monsterinsights_sitenote_note":"","_monsterinsights_sitenote_category":0,"_uf_show_specific_survey":0,"_uf_disable_surveys":false,"footnotes":""},"categories":[1],"tags":[],"class_list":["post-14899","post","type-post","status-publish","format-standard","has-post-thumbnail","hentry","category-non-classe"],"_links":{"self":[{"href":"https:\/\/elcafedepipa.com\/index.php\/wp-json\/wp\/v2\/posts\/14899","targetHints":{"allow":["GET"]}}],"collection":[{"href":"https:\/\/elcafedepipa.com\/index.php\/wp-json\/wp\/v2\/posts"}],"about":[{"href":"https:\/\/elcafedepipa.com\/index.php\/wp-json\/wp\/v2\/types\/post"}],"author":[{"embeddable":true,"href":"https:\/\/elcafedepipa.com\/index.php\/wp-json\/wp\/v2\/users\/2"}],"replies":[{"embeddable":true,"href":"https:\/\/elcafedepipa.com\/index.php\/wp-json\/wp\/v2\/comments?post=14899"}],"version-history":[{"count":1,"href":"https:\/\/elcafedepipa.com\/index.php\/wp-json\/wp\/v2\/posts\/14899\/revisions"}],"predecessor-version":[{"id":14902,"href":"https:\/\/elcafedepipa.com\/index.php\/wp-json\/wp\/v2\/posts\/14899\/revisions\/14902"}],"wp:featuredmedia":[{"embeddable":true,"href":"https:\/\/elcafedepipa.com\/index.php\/wp-json\/wp\/v2\/media\/14900"}],"wp:attachment":[{"href":"https:\/\/elcafedepipa.com\/index.php\/wp-json\/wp\/v2\/media?parent=14899"}],"wp:term":[{"taxonomy":"category","embeddable":true,"href":"https:\/\/elcafedepipa.com\/index.php\/wp-json\/wp\/v2\/categories?post=14899"},{"taxonomy":"post_tag","embeddable":true,"href":"https:\/\/elcafedepipa.com\/index.php\/wp-json\/wp\/v2\/tags?post=14899"}],"curies":[{"name":"wp","href":"https:\/\/api.w.org\/{rel}","templated":true}]}}