{"id":14893,"date":"2025-06-17T10:17:04","date_gmt":"2025-06-17T08:17:04","guid":{"rendered":"https:\/\/elcafedepipa.com\/?p=14893"},"modified":"2025-06-17T10:17:05","modified_gmt":"2025-06-17T08:17:05","slug":"lajuntament-de-la-vall-duixo-presenta-la-setmana-de-lorgull-lgtbiq-mes-festiva-i-reivindicativa","status":"publish","type":"post","link":"https:\/\/elcafedepipa.com\/index.php\/2025\/06\/17\/lajuntament-de-la-vall-duixo-presenta-la-setmana-de-lorgull-lgtbiq-mes-festiva-i-reivindicativa\/","title":{"rendered":"L&#8217;Ajuntament de la Vall d&#8217;Uix\u00f3 presenta la setmana de l&#8217;Orgull LGTBIQ+ m\u00e9s festiva i reivindicativa"},"content":{"rendered":"\n<p><strong>La programaci\u00f3 comen\u00e7a el 20 de juny amb una exposici\u00f3 i el 27 de juny es far\u00e0 el preg\u00f3 i la festa La Freska Pride Edition<\/strong><\/p>\n\n\n\n<p>L&#8217;Ajuntament de la Vall d&#8217;Uix\u00f3 ha presentat la programaci\u00f3 de la setmana de l&#8217;Orgull LGTBIQ+, que t\u00e9 com a objectiu \u201creivindicar els drets de les persones LGTBIQ+, visibilitzar el col\u00b7lectiu, celebrar all\u00f2 que s&#8217;ha aconseguit fins ara\u201d i sobretot \u201cdir que no podem retrocedir ni fer un pas enrere\u201d, tal com ha explicat la regidora de la regidora.<\/p>\n\n\n\n<p>Les activitats del 20 al 27 de juny s\u00f3n organitzades per l&#8217;Ajuntament amb la col\u00b7laboraci\u00f3 de la penya La Petaca. El seu portaveu, I\u00f1aki Madrid, ha animat tota la ciutadania a participar-hi i \u201ccelebrar i reivindicar, perqu\u00e8 l&#8217;Orgull no \u00e9s nom\u00e9s del col\u00b7lectiu i totes les persones s\u00f3n benvingudes a gaudir de l&#8217;ambient festiu i reivindicatiu\u201d.<\/p>\n\n\n\n<p>El divendres 20 de juny a les 12.00 hores s&#8217;obrir\u00e0 l&#8217;exposici\u00f3 &#8216;LGTBIQ+: m\u00e9s que sigles&#8217; que es podr\u00e0 visitar fins al 30 de juny a l&#8217;Espai d&#8217;Igualtat i Pau (avinguda Jaume I, 21). I el dissabte 21 de juny es pintaran les escales d&#8217;entrada al Grup La Uni\u00f3n amb els colors de la bandera LGTBIQ+.<\/p>\n\n\n\n<p>Per la seva banda, el divendres 27 de juny a les 12.00 hores es llegir\u00e0 el manifest d&#8217;aquest any i es desplegar\u00e0 la bandera arcoiris des del balc\u00f3 del Palau de Vivel (on provisionalment s&#8217;ubica l&#8217;ajuntament). A les 20.30 hores a la pla\u00e7a de la Pilarica del Grup La Uni\u00f3n es far\u00e0 el preg\u00f3 i un sopar de pa i porta, amb m\u00fasica de DJ Zoraida Torres i la festa LGTBIQ+ La Freska Pride Edition.<\/p>\n\n\n\n<p>Cruces ha remarcat que &#8220;celebrar l&#8217;Orgull \u00e9s estar al costat dels drets humans, de la igualtat i de la diversitat&#8221; davant de &#8220;l&#8217;extrema dreta que fa bandera de l&#8217;odi i de la reculada&#8221;. A m\u00e9s ha recordat que aquest any tamb\u00e9 se celebra el 20\u00e8 aniversari de la llei del matrimoni igualitari, que \u201cva fer feli\u00e7 moltes persones i va situar el nostre pa\u00eds a l&#8217;avantguarda dels drets de diversitat familiar\u201d.<\/p>\n\n\n\n<p>Des de la Regidoria d\u00b4Igualtat tamb\u00e9 es repartiran banderes LGTBIQ+ per penjar dels balcons. Aquestes es podran recollir gratu\u00eftament (fins a esgotar exist\u00e8ncies) a partir del 20 de juny a l&#8217;Espai d&#8217;Igualtat i Pau en horari de 9.00 a 14.00 hores.<\/p>\n","protected":false},"excerpt":{"rendered":"<p>La programaci\u00f3 comen\u00e7a el 20 de juny amb una exposici\u00f3 i el 27 de juny es far\u00e0 el preg\u00f3 i la festa La Freska Pride Edition L&#8217;Ajuntament de la Vall d&#8217;Uix\u00f3 ha presentat la programaci\u00f3 de la setmana de l&#8217;Orgull LGTBIQ+, que t\u00e9 com a objectiu \u201creivindicar els drets de les persones LGTBIQ+, visibilitzar el &#8230; <a title=\"L&#8217;Ajuntament de la Vall d&#8217;Uix\u00f3 presenta la setmana de l&#8217;Orgull LGTBIQ+ m\u00e9s festiva i reivindicativa\" class=\"read-more\" href=\"https:\/\/elcafedepipa.com\/index.php\/2025\/06\/17\/lajuntament-de-la-vall-duixo-presenta-la-setmana-de-lorgull-lgtbiq-mes-festiva-i-reivindicativa\/\" aria-label=\"M\u00e9s informaci\u00f3 sobre L&#8217;Ajuntament de la Vall d&#8217;Uix\u00f3 presenta la setmana de l&#8217;Orgull LGTBIQ+ m\u00e9s festiva i reivindicativa\">Read more<\/a><\/p>\n","protected":false},"author":2,"featured_media":14894,"comment_status":"closed","ping_status":"closed","sticky":false,"template":"","format":"standard","meta":{"om_disable_all_campaigns":false,"_monsterinsights_skip_tracking":false,"_monsterinsights_sitenote_active":false,"_monsterinsights_sitenote_note":"","_monsterinsights_sitenote_category":0,"_uf_show_specific_survey":0,"_uf_disable_surveys":false,"footnotes":""},"categories":[1],"tags":[],"class_list":["post-14893","post","type-post","status-publish","format-standard","has-post-thumbnail","hentry","category-non-classe"],"_links":{"self":[{"href":"https:\/\/elcafedepipa.com\/index.php\/wp-json\/wp\/v2\/posts\/14893","targetHints":{"allow":["GET"]}}],"collection":[{"href":"https:\/\/elcafedepipa.com\/index.php\/wp-json\/wp\/v2\/posts"}],"about":[{"href":"https:\/\/elcafedepipa.com\/index.php\/wp-json\/wp\/v2\/types\/post"}],"author":[{"embeddable":true,"href":"https:\/\/elcafedepipa.com\/index.php\/wp-json\/wp\/v2\/users\/2"}],"replies":[{"embeddable":true,"href":"https:\/\/elcafedepipa.com\/index.php\/wp-json\/wp\/v2\/comments?post=14893"}],"version-history":[{"count":1,"href":"https:\/\/elcafedepipa.com\/index.php\/wp-json\/wp\/v2\/posts\/14893\/revisions"}],"predecessor-version":[{"id":14895,"href":"https:\/\/elcafedepipa.com\/index.php\/wp-json\/wp\/v2\/posts\/14893\/revisions\/14895"}],"wp:featuredmedia":[{"embeddable":true,"href":"https:\/\/elcafedepipa.com\/index.php\/wp-json\/wp\/v2\/media\/14894"}],"wp:attachment":[{"href":"https:\/\/elcafedepipa.com\/index.php\/wp-json\/wp\/v2\/media?parent=14893"}],"wp:term":[{"taxonomy":"category","embeddable":true,"href":"https:\/\/elcafedepipa.com\/index.php\/wp-json\/wp\/v2\/categories?post=14893"},{"taxonomy":"post_tag","embeddable":true,"href":"https:\/\/elcafedepipa.com\/index.php\/wp-json\/wp\/v2\/tags?post=14893"}],"curies":[{"name":"wp","href":"https:\/\/api.w.org\/{rel}","templated":true}]}}