{"id":14874,"date":"2025-06-16T11:53:30","date_gmt":"2025-06-16T09:53:30","guid":{"rendered":"https:\/\/elcafedepipa.com\/?p=14874"},"modified":"2025-06-16T11:53:31","modified_gmt":"2025-06-16T09:53:31","slug":"la-unio-reclama-a-la-generalitat-ajudes-per-a-netejar-parcelles-abandonades-i-reduir-la-sobrepoblacio-de-fauna-en-el-camp-valencia","status":"publish","type":"post","link":"https:\/\/elcafedepipa.com\/index.php\/2025\/06\/16\/la-unio-reclama-a-la-generalitat-ajudes-per-a-netejar-parcelles-abandonades-i-reduir-la-sobrepoblacio-de-fauna-en-el-camp-valencia\/","title":{"rendered":"LA UNI\u00d3 reclama a la Generalitat ajudes per a netejar parcel\u00b7les abandonades i reduir la sobrepoblaci\u00f3 de fauna en el camp valenci\u00e0"},"content":{"rendered":"\n<p>La Uni\u00f3 Llauradora i Ramadera ha sol\u00b7licitat a la Conselleria d&#8217;Agricultura la creaci\u00f3 d&#8217;una l\u00ednia pressupost\u00e0ria espec\u00edfica destinada a finan\u00e7ar actuacions de neteja i condicionament de parcel\u00b7les abandonades, a trav\u00e9s dels ajuntaments, amb l&#8217;objectiu de reduir la pressi\u00f3 de la plaga de fauna silvestre que amena\u00e7a les explotacions agr\u00e0ries de tota la Comunitat Valenciana.<\/p>\n\n\n\n<p>Segons el parer de l&#8217;organitzaci\u00f3 existeix desatenci\u00f3 per part de les Administracions en relaci\u00f3 amb els danys que pateixen els llauradors valencians en relaci\u00f3 amb la fauna salvatge i aquesta mesura pot complementar a altres accions de control cineg\u00e8tic i de protecci\u00f3 de cultius, i contribuiria a una gesti\u00f3 m\u00e9s integral i preventiva. En aquest sentit, LA UNI\u00d3 ha demanat ja tamb\u00e9 en reiterades ocasions ajudes per a la protecci\u00f3 dels cultius enfront de les amenaces de la fauna.<\/p>\n\n\n\n<p>LA UNI\u00d3 assenyala que hi ha una gran preocupaci\u00f3 entre els llauradors per l&#8217;increment sostingut i generalitzat de la poblaci\u00f3 de conills i senglars en la Comunitat Valenciana, especialment perceptible durant la primavera, i que causa greus danys a les explotacions agr\u00edcoles, m\u00e9s de 50 milions d&#8217;euros al llarg del passat any.<\/p>\n\n\n\n<p>La realitat que viuen els productors afectats en tot el territori valenci\u00e0 \u00e9s contundent: els conills provoquen per exemple p\u00e8rdues en tota classe de cultius, obligant-los a fer front a costos creixents en mesures de protecci\u00f3 (com per exemple la compra de protectors individuals per a les plantes) i a assumir les p\u00e8rdues una vegada els danys ja s&#8217;han produ\u00eft.<\/p>\n\n\n\n<p>Les mesures actuals, com els protocols d&#8217;actuaci\u00f3 contra danys per conill, resulten clarament insuficients, especialment per la seua lentitud. En molts casos, quan es permet l&#8217;entrada de ca\u00e7adors a les parcel\u00b7les, el mal ja \u00e9s irreversible.<\/p>\n\n\n\n<p>En aquest context, LA UNI\u00d3 posa el focus en un factor clau que agreuja aquesta problem\u00e0tica com \u00e9s l&#8217;elevada pres\u00e8ncia de parcel\u00b7les abandonades, que actuen com a refugi i \u00e0rea de reproducci\u00f3 per al conill, facilitant la seua dispersi\u00f3 cap a les explotacions en producci\u00f3. Malgrat no disposar d&#8217;un cens oficial, \u00e9s evident que aquestes superf\u00edcies s\u00f3n nombroses i, en molts casos, es troben prop de parcel\u00b7les actives, multiplicant el risc de danys.<\/p>\n\n\n\n<p>Cal recordar que la Conselleria de Medi Ambient ha posat en marxa recentment l&#8217;Ordre 4\/2025, de 14 de mar\u00e7, que estableix les bases per a subvencionar els ajuntaments en mat\u00e8ria de control poblacional del senglar.<\/p>\n\n\n\n<p>En aquesta l\u00ednia, LA UNI\u00d3 considera coherent i necessari que la Conselleria d&#8217;Agricultura impulse tamb\u00e9 una iniciativa espec\u00edfica per al control indirecte del conill, en coordinaci\u00f3 amb els municipis i en defensa del nostre sector agrari.<\/p>\n\n\n\n<p>Carles Peris, secretari general de LA UNI\u00d3, assenyala que \u201ctotes les l\u00ednies d&#8217;ajudes per part de la Generalitat s&#8217;estan mostrant insuficients per a frenar la sobrepoblaci\u00f3 de fauna silvestre. Existeix massa normativa i burocr\u00e0cia per a afrontar aquest tema, sense un pressupost suficient i concorde a la realitat per a actuar enfront dels danys\u201d.<\/p>\n","protected":false},"excerpt":{"rendered":"<p>La Uni\u00f3 Llauradora i Ramadera ha sol\u00b7licitat a la Conselleria d&#8217;Agricultura la creaci\u00f3 d&#8217;una l\u00ednia pressupost\u00e0ria espec\u00edfica destinada a finan\u00e7ar actuacions de neteja i condicionament de parcel\u00b7les abandonades, a trav\u00e9s dels ajuntaments, amb l&#8217;objectiu de reduir la pressi\u00f3 de la plaga de fauna silvestre que amena\u00e7a les explotacions agr\u00e0ries de tota la Comunitat Valenciana. Segons &#8230; <a title=\"LA UNI\u00d3 reclama a la Generalitat ajudes per a netejar parcel\u00b7les abandonades i reduir la sobrepoblaci\u00f3 de fauna en el camp valenci\u00e0\" class=\"read-more\" href=\"https:\/\/elcafedepipa.com\/index.php\/2025\/06\/16\/la-unio-reclama-a-la-generalitat-ajudes-per-a-netejar-parcelles-abandonades-i-reduir-la-sobrepoblacio-de-fauna-en-el-camp-valencia\/\" aria-label=\"M\u00e9s informaci\u00f3 sobre LA UNI\u00d3 reclama a la Generalitat ajudes per a netejar parcel\u00b7les abandonades i reduir la sobrepoblaci\u00f3 de fauna en el camp valenci\u00e0\">Read more<\/a><\/p>\n","protected":false},"author":2,"featured_media":14875,"comment_status":"closed","ping_status":"closed","sticky":false,"template":"","format":"standard","meta":{"om_disable_all_campaigns":false,"_monsterinsights_skip_tracking":false,"_monsterinsights_sitenote_active":false,"_monsterinsights_sitenote_note":"","_monsterinsights_sitenote_category":0,"_uf_show_specific_survey":0,"_uf_disable_surveys":false,"footnotes":""},"categories":[1],"tags":[],"class_list":["post-14874","post","type-post","status-publish","format-standard","has-post-thumbnail","hentry","category-non-classe"],"_links":{"self":[{"href":"https:\/\/elcafedepipa.com\/index.php\/wp-json\/wp\/v2\/posts\/14874","targetHints":{"allow":["GET"]}}],"collection":[{"href":"https:\/\/elcafedepipa.com\/index.php\/wp-json\/wp\/v2\/posts"}],"about":[{"href":"https:\/\/elcafedepipa.com\/index.php\/wp-json\/wp\/v2\/types\/post"}],"author":[{"embeddable":true,"href":"https:\/\/elcafedepipa.com\/index.php\/wp-json\/wp\/v2\/users\/2"}],"replies":[{"embeddable":true,"href":"https:\/\/elcafedepipa.com\/index.php\/wp-json\/wp\/v2\/comments?post=14874"}],"version-history":[{"count":1,"href":"https:\/\/elcafedepipa.com\/index.php\/wp-json\/wp\/v2\/posts\/14874\/revisions"}],"predecessor-version":[{"id":14876,"href":"https:\/\/elcafedepipa.com\/index.php\/wp-json\/wp\/v2\/posts\/14874\/revisions\/14876"}],"wp:featuredmedia":[{"embeddable":true,"href":"https:\/\/elcafedepipa.com\/index.php\/wp-json\/wp\/v2\/media\/14875"}],"wp:attachment":[{"href":"https:\/\/elcafedepipa.com\/index.php\/wp-json\/wp\/v2\/media?parent=14874"}],"wp:term":[{"taxonomy":"category","embeddable":true,"href":"https:\/\/elcafedepipa.com\/index.php\/wp-json\/wp\/v2\/categories?post=14874"},{"taxonomy":"post_tag","embeddable":true,"href":"https:\/\/elcafedepipa.com\/index.php\/wp-json\/wp\/v2\/tags?post=14874"}],"curies":[{"name":"wp","href":"https:\/\/api.w.org\/{rel}","templated":true}]}}