{"id":14871,"date":"2025-06-16T11:31:40","date_gmt":"2025-06-16T09:31:40","guid":{"rendered":"https:\/\/elcafedepipa.com\/?p=14871"},"modified":"2025-06-16T11:31:40","modified_gmt":"2025-06-16T09:31:40","slug":"verchili-redita-el-disc-des-del-desterrament-per-a-celebrar-el-dese-aniversari-de-la-seua-publicacio","status":"publish","type":"post","link":"https:\/\/elcafedepipa.com\/index.php\/2025\/06\/16\/verchili-redita-el-disc-des-del-desterrament-per-a-celebrar-el-dese-aniversari-de-la-seua-publicacio\/","title":{"rendered":"Verchili redita el disc \u2018Des del desterrament\u2019 per a celebrar el des\u00e9 aniversari de la seua publicaci\u00f3"},"content":{"rendered":"\n<p>L\u2019\u00e0lbum va suposar l\u2019inici de la carrera amb el seu nom i li va obrir les portes de la seua segona gira per M\u00e8xic.<\/p>\n\n\n\n<p>La remasteritzaci\u00f3 inclou dues versions de Gabinete Caligari i Morcillo.<\/p>\n\n\n\n<p>Miguel Verchili ha decidit celebrar el des\u00e9 aniversari de la publicaci\u00f3 del seu disc <em>Des del desterrament<\/em> (Lemon Songs) amb una reedici\u00f3 que afegeix dos bonus tracks al material editat l\u2019any 2015. Aquest \u00e0lbum va suposar el debut del m\u00fasic castellonenc amb el seu nom despr\u00e9s de la llarga etapa al capdavant de Club964. Amb motiu d\u2019aquesta rodona efem\u00e8ride, Verchili ha considerat que era una bona oportunitat per recuperar un per\u00edode concret de la seua carrera musical, i tamb\u00e9 de la seua vida.<\/p>\n\n\n\n<p>Juntament amb la remasteritzaci\u00f3 de les set can\u00e7ons originals, <em>Des del desterrament (X aniversari)<\/em> inclou les adaptacions per part de Verchili de <em>La sangre de tu tristeza<\/em>, de Gabinete Caligari, portada a un terreny m\u00e9s fronterer; i <em>Peque\u00f1o mam\u00f3n<\/em>, del rocker castellonenc Morcillo, amb una sonoritat de tango mediterrani. Ambdues versions estaven pensades per a sengles \u201cdiscos homenatge\u201d als grups esmentats que finalment no van ser editats. Juan Carlos Tom\u00e1s s\u2019ha encarregat ara de remasteritzar tot el material a La Seta Azul de Benic\u00e0ssim.<\/p>\n\n\n\n<p><em>Des del desterrament<\/em> va n\u00e0ixer com a conseq\u00fc\u00e8ncia d\u2019un trasllat laboral a Gandia, una circumst\u00e0ncia que va trasbalsar la vida de Miguel Verchili, qui alhora ho va percebre com una bona oportunitat per aventurar-se en un projecte diferent a Club964, grup que va formar l\u2019any 2002. L\u2019electricitat va donar pas a sons ac\u00fastics i instruments com clarinet, fiscorn i trompetes, amb arranjaments a c\u00e0rrec del tamb\u00e9 baixista Pere Safont.<\/p>\n\n\n\n<p>Segons comenta el mateix Verchili, \u201cel desterrament no suposa anar-te\u2019n a un pa\u00eds lluny\u00e0. Pots sentir-te aix\u00ed al costat de casa teua. Aquell moment de crisi existencial em va portar a fer un disc en qu\u00e8 parle a cor obert de tot all\u00f2 que em va allunyar de la meua llar. Diuen que la crisi equival a oportunitat. I \u00e9s el que ocorre amb <em>Des del desterrament<\/em>. La can\u00e7\u00f3 que l\u2019obri, <em>Brinde<\/em>, suposa acceptar i celebrar els errors comesos, all\u00f2 que no est\u00e0 b\u00e9 i et fa mal, per\u00f2 que alhora et fa cr\u00e9ixer\u201d.<\/p>\n\n\n\n<p>Mirant enrere una d\u00e8cada, Verchili es recorda com \u201calg\u00fa bolcat en la m\u00fasica, anant un any despr\u00e9s de gira per M\u00e8xic (per segona vegada). La can\u00e7\u00f3 <em>Ya me cans\u00e9<\/em> em va tornar a obrir la porta de M\u00e8xic per eixa barreja de ranxera i aire mediterrani. Aleshores no tenia una filla i la meua vida era diferent. Cada tema del disc era una estampa d\u2019aquell moment. Tancava el disc <em>Antes de limpiar mis botas<\/em>, una declaraci\u00f3 de principis sobre all\u00f2 que em queda per fer abans de marxar definitivament\u201d.<\/p>\n\n\n\n<p>Ara, per posar imatges al disc, Verchili ha decidit publicar el videoclip del tema <em>Cuando el sentido com\u00fan dej\u00f3 de ser com\u00fan<\/em>. Una can\u00e7\u00f3 relaxada per\u00f2 cr\u00edtica d\u2019autoafirmaci\u00f3 personal enfront d\u2019aquells que intenten imposar les seues regles.<\/p>\n\n\n\n<p>Per\u00f2 alhora que celebra l\u2019aniversari, aquesta reedici\u00f3 de <em>Des del desterrament<\/em> t\u00e9 un altre sentit, que explica el mateix Verchili: \u201c\u00c9s com un pont. Durant els \u00faltims cinc anys m\u2019he decantat per l\u2019electr\u00f2nica, que s\u2019ha tradu\u00eft en el disc <em>Distancias<\/em>. No puc estar molt de temps fent el mateix i durant aquesta etapa de <em>Distancias<\/em> vaig tornar a la composici\u00f3 m\u00e9s de cantina. Notava que les meues arrels em cridaven a crits des de dins. Aquest disc del X aniversari cobrir\u00e0 aquest per\u00edode fins que presente les noves can\u00e7ons, amb poc a veure amb el que he estat fent aquests \u00faltims anys. En aquests moments, em trobe treballant amb un productor i donant-los forma per veure cap a on (quin tipus de cantina) ens porten\u201d.<\/p>\n\n\n\n<p>En la gravaci\u00f3 de <em>Des del desterrament<\/em> van participar: Miguel Verchili (veu, guitarres ac\u00fastiques i espanyoles, colps i percussions lleugeres), Pere Safont (baixos, guitarres ac\u00fastiques i espanyoles solistes, mandolina i clarinet), Pep Navarro (percussions), Josep Bell\u00e9s (trompeta i fiscorn), Fernando Mallach (trompeta) i Rosa Meseguer (veus i cors), m\u00e9s les col\u00b7laboracions de Toni Porcar (guitarres ac\u00fastiques, <em>fingerpicking<\/em> i <em>slide<\/em>), Juan-Pe Garc\u00eda (guitarra tanguera i el\u00e8ctrica), Jos\u00e9 Galindo (harm\u00f2nica), Jes\u00fas Gimeno (percussions) i \u00c1lvaro Sales (tuba). Per a les versions, a m\u00e9s dels citats, tamb\u00e9 han col\u00b7laborat: Sa\u00fal Herrero (bateries i percussions) i Carles Romero (bombard\u00ed).<\/p>\n\n\n\n<p>Produ\u00eft per Juan Carlos Tom\u00e1s i Miguel Verchili a La Seta Azul (Benic\u00e0ssim), on s\u2019ha remasteritzat.<\/p>\n","protected":false},"excerpt":{"rendered":"<p>L\u2019\u00e0lbum va suposar l\u2019inici de la carrera amb el seu nom i li va obrir les portes de la seua segona gira per M\u00e8xic. La remasteritzaci\u00f3 inclou dues versions de Gabinete Caligari i Morcillo. Miguel Verchili ha decidit celebrar el des\u00e9 aniversari de la publicaci\u00f3 del seu disc Des del desterrament (Lemon Songs) amb una &#8230; <a title=\"Verchili redita el disc \u2018Des del desterrament\u2019 per a celebrar el des\u00e9 aniversari de la seua publicaci\u00f3\" class=\"read-more\" href=\"https:\/\/elcafedepipa.com\/index.php\/2025\/06\/16\/verchili-redita-el-disc-des-del-desterrament-per-a-celebrar-el-dese-aniversari-de-la-seua-publicacio\/\" aria-label=\"M\u00e9s informaci\u00f3 sobre Verchili redita el disc \u2018Des del desterrament\u2019 per a celebrar el des\u00e9 aniversari de la seua publicaci\u00f3\">Read more<\/a><\/p>\n","protected":false},"author":2,"featured_media":14872,"comment_status":"closed","ping_status":"closed","sticky":false,"template":"","format":"standard","meta":{"om_disable_all_campaigns":false,"_monsterinsights_skip_tracking":false,"_monsterinsights_sitenote_active":false,"_monsterinsights_sitenote_note":"","_monsterinsights_sitenote_category":0,"_uf_show_specific_survey":0,"_uf_disable_surveys":false,"footnotes":""},"categories":[1],"tags":[],"class_list":["post-14871","post","type-post","status-publish","format-standard","has-post-thumbnail","hentry","category-non-classe"],"_links":{"self":[{"href":"https:\/\/elcafedepipa.com\/index.php\/wp-json\/wp\/v2\/posts\/14871","targetHints":{"allow":["GET"]}}],"collection":[{"href":"https:\/\/elcafedepipa.com\/index.php\/wp-json\/wp\/v2\/posts"}],"about":[{"href":"https:\/\/elcafedepipa.com\/index.php\/wp-json\/wp\/v2\/types\/post"}],"author":[{"embeddable":true,"href":"https:\/\/elcafedepipa.com\/index.php\/wp-json\/wp\/v2\/users\/2"}],"replies":[{"embeddable":true,"href":"https:\/\/elcafedepipa.com\/index.php\/wp-json\/wp\/v2\/comments?post=14871"}],"version-history":[{"count":1,"href":"https:\/\/elcafedepipa.com\/index.php\/wp-json\/wp\/v2\/posts\/14871\/revisions"}],"predecessor-version":[{"id":14873,"href":"https:\/\/elcafedepipa.com\/index.php\/wp-json\/wp\/v2\/posts\/14871\/revisions\/14873"}],"wp:featuredmedia":[{"embeddable":true,"href":"https:\/\/elcafedepipa.com\/index.php\/wp-json\/wp\/v2\/media\/14872"}],"wp:attachment":[{"href":"https:\/\/elcafedepipa.com\/index.php\/wp-json\/wp\/v2\/media?parent=14871"}],"wp:term":[{"taxonomy":"category","embeddable":true,"href":"https:\/\/elcafedepipa.com\/index.php\/wp-json\/wp\/v2\/categories?post=14871"},{"taxonomy":"post_tag","embeddable":true,"href":"https:\/\/elcafedepipa.com\/index.php\/wp-json\/wp\/v2\/tags?post=14871"}],"curies":[{"name":"wp","href":"https:\/\/api.w.org\/{rel}","templated":true}]}}