{"id":14868,"date":"2025-06-16T10:49:50","date_gmt":"2025-06-16T08:49:50","guid":{"rendered":"https:\/\/elcafedepipa.com\/?p=14868"},"modified":"2025-06-16T10:49:50","modified_gmt":"2025-06-16T08:49:50","slug":"els-afiliats-del-ppcv-voten-hui-la-candidatura-de-feijoo-i-els-341-compromissaris-electes-de-la-comunitat-valenciana-en-el-proxim-congres-nacional","status":"publish","type":"post","link":"https:\/\/elcafedepipa.com\/index.php\/2025\/06\/16\/els-afiliats-del-ppcv-voten-hui-la-candidatura-de-feijoo-i-els-341-compromissaris-electes-de-la-comunitat-valenciana-en-el-proxim-congres-nacional\/","title":{"rendered":"Els afiliats del PPCV voten hui la candidatura de Feij\u00f3o i els 341 compromissaris electes de la Comunitat Valenciana en el pr\u00f2xim Congr\u00e9s nacional"},"content":{"rendered":"\n<p>Les seus locals del PPCV a les tres prov\u00edncies de la Comunitat estaran obertes hui fins a les huit de la vesprada perqu\u00e8 els afiliats inscrits en el proc\u00e9s de participaci\u00f3 del Congr\u00e9s puguen, d&#8217;una banda, votar \u2014mitjan\u00e7ant llista oberta\u2014 els 341 compromissaris electes que representaran la Comunitat Valenciana en el XXI Congr\u00e9s nacional del PP i, d&#8217;altra, triar la presid\u00e8ncia del partit, on Alberto N\u00fa\u00f1ez Feij\u00f3o \u00e9s l\u2019\u00fanic candidat.<\/p>\n\n\n\n<p>El president del PPCV, Carlos Maz\u00f3n, ha exercit el seu dret a vot a primera hora del mat\u00ed a la seu de la ciutat d\u2019Alacant.<\/p>\n\n\n\n<p>En total, la Comunitat Valenciana comptar\u00e0 amb 389 compromissaris en el XXI Congr\u00e9s nacional del PP, dels quals 341 s\u00f3n els compromissaris electes que hui es voten, 42 s\u00f3n nats i 6 corresponen a Noves Generacions. Dels electes, 168 pertanyen a la prov\u00edncia d\u2019Alacant, 128 a Val\u00e8ncia i 45 a Castell\u00f3. A\u00e7\u00f2 suposa un 12% del total de compromissaris del Congr\u00e9s (3.264), sent la valenciana la segona delegaci\u00f3 m\u00e9s nombrosa despr\u00e9s d\u2019Andalusia.<\/p>\n","protected":false},"excerpt":{"rendered":"<p>Les seus locals del PPCV a les tres prov\u00edncies de la Comunitat estaran obertes hui fins a les huit de la vesprada perqu\u00e8 els afiliats inscrits en el proc\u00e9s de participaci\u00f3 del Congr\u00e9s puguen, d&#8217;una banda, votar \u2014mitjan\u00e7ant llista oberta\u2014 els 341 compromissaris electes que representaran la Comunitat Valenciana en el XXI Congr\u00e9s nacional del &#8230; <a title=\"Els afiliats del PPCV voten hui la candidatura de Feij\u00f3o i els 341 compromissaris electes de la Comunitat Valenciana en el pr\u00f2xim Congr\u00e9s nacional\" class=\"read-more\" href=\"https:\/\/elcafedepipa.com\/index.php\/2025\/06\/16\/els-afiliats-del-ppcv-voten-hui-la-candidatura-de-feijoo-i-els-341-compromissaris-electes-de-la-comunitat-valenciana-en-el-proxim-congres-nacional\/\" aria-label=\"M\u00e9s informaci\u00f3 sobre Els afiliats del PPCV voten hui la candidatura de Feij\u00f3o i els 341 compromissaris electes de la Comunitat Valenciana en el pr\u00f2xim Congr\u00e9s nacional\">Read more<\/a><\/p>\n","protected":false},"author":2,"featured_media":14869,"comment_status":"closed","ping_status":"closed","sticky":false,"template":"","format":"standard","meta":{"om_disable_all_campaigns":false,"_monsterinsights_skip_tracking":false,"_monsterinsights_sitenote_active":false,"_monsterinsights_sitenote_note":"","_monsterinsights_sitenote_category":0,"_uf_show_specific_survey":0,"_uf_disable_surveys":false,"footnotes":""},"categories":[11],"tags":[],"class_list":["post-14868","post","type-post","status-publish","format-standard","has-post-thumbnail","hentry","category-comunitatvalenciana"],"_links":{"self":[{"href":"https:\/\/elcafedepipa.com\/index.php\/wp-json\/wp\/v2\/posts\/14868","targetHints":{"allow":["GET"]}}],"collection":[{"href":"https:\/\/elcafedepipa.com\/index.php\/wp-json\/wp\/v2\/posts"}],"about":[{"href":"https:\/\/elcafedepipa.com\/index.php\/wp-json\/wp\/v2\/types\/post"}],"author":[{"embeddable":true,"href":"https:\/\/elcafedepipa.com\/index.php\/wp-json\/wp\/v2\/users\/2"}],"replies":[{"embeddable":true,"href":"https:\/\/elcafedepipa.com\/index.php\/wp-json\/wp\/v2\/comments?post=14868"}],"version-history":[{"count":1,"href":"https:\/\/elcafedepipa.com\/index.php\/wp-json\/wp\/v2\/posts\/14868\/revisions"}],"predecessor-version":[{"id":14870,"href":"https:\/\/elcafedepipa.com\/index.php\/wp-json\/wp\/v2\/posts\/14868\/revisions\/14870"}],"wp:featuredmedia":[{"embeddable":true,"href":"https:\/\/elcafedepipa.com\/index.php\/wp-json\/wp\/v2\/media\/14869"}],"wp:attachment":[{"href":"https:\/\/elcafedepipa.com\/index.php\/wp-json\/wp\/v2\/media?parent=14868"}],"wp:term":[{"taxonomy":"category","embeddable":true,"href":"https:\/\/elcafedepipa.com\/index.php\/wp-json\/wp\/v2\/categories?post=14868"},{"taxonomy":"post_tag","embeddable":true,"href":"https:\/\/elcafedepipa.com\/index.php\/wp-json\/wp\/v2\/tags?post=14868"}],"curies":[{"name":"wp","href":"https:\/\/api.w.org\/{rel}","templated":true}]}}