{"id":14864,"date":"2025-06-16T09:44:48","date_gmt":"2025-06-16T07:44:48","guid":{"rendered":"https:\/\/elcafedepipa.com\/?p=14864"},"modified":"2025-06-16T09:44:49","modified_gmt":"2025-06-16T07:44:49","slug":"menut-estiu-la-proposta-de-lajuntament-de-la-vall-duixo-per-a-celebrar-la-fi-de-curs","status":"publish","type":"post","link":"https:\/\/elcafedepipa.com\/index.php\/2025\/06\/16\/menut-estiu-la-proposta-de-lajuntament-de-la-vall-duixo-per-a-celebrar-la-fi-de-curs\/","title":{"rendered":"\u2018Menut estiu\u2019, la proposta de l\u2019Ajuntament de la Vall d\u2019Uix\u00f3 per a celebrar la fi de curs"},"content":{"rendered":"\n<p>\u00baEl 19 de juny se celebrar\u00e0 un taller de \u2018fanalets\u2019 i el 21 una festa de l\u2019aigua i l\u2019escuma<\/p>\n\n\n\n<p>L\u2019Ajuntament de la Vall d\u2019Uix\u00f3 ha organitzat dues activitats per a celebrar la fi del curs escolar. \u2018Menut estiu, estiu menut\u2019 \u00e9s el programa que la setmana que ve realitzar\u00e0 un taller de \u2018fanalets\u2019 i una cercavila (19 de juny) i una festa de l\u2019aigua i l\u2019escuma (21 de juny), ambdues impulsades per les regidories de Joventut i Dinamitzaci\u00f3 de Barris.<\/p>\n\n\n\n<p>La primera tindr\u00e0 lloc el dijous 19 a les 19.00 hores al centre social del Roser, on es dur\u00e0 a terme un taller de \u2018fanalets\u2019 i, aprofitant la finalitzaci\u00f3 de les obres del Cam\u00ed de l\u2019Aigua, es far\u00e0 una cercavila pel seu recorregut, acompanyada per la m\u00fasica de la dol\u00e7aina i el tabal i per un guia tur\u00edstic.<\/p>\n\n\n\n<p>El regidor de Joventut, Manel Agea, i la regidora de Dinamitzaci\u00f3 de Barris, Zaida Moreno, han destacat que l\u2019objectiu \u00e9s \u201ccelebrar amb tot el barri i amb totes les persones de la Vall que vulguen acostar-se la fi de les obres i recordar la tradici\u00f3 de fer \u2018fanalets\u2019, transmetre-la als xiquets i xiquetes, i donar la benvinguda a l\u2019estiu\u201d. Tamb\u00e9 han agra\u00eft la col\u00b7laboraci\u00f3 de l\u2019associaci\u00f3 ve\u00efnal i la de festes.<\/p>\n\n\n\n<p>D\u2019altra banda, el dissabte 21 de juny de 10.30 a 13.30 hores se celebrar\u00e0 una festa de l\u2019aigua i de l\u2019escuma al parc aqu\u00e0tic i el seu entorn (davant de l\u2019IES Honori Garcia). Ser\u00e0 un mat\u00ed \u201cmolt divertit, en qu\u00e8 refrescar-se de les altes temperatures i gaudir de l\u2019aigua, l\u2019escuma i de les casetes amb jocs aqu\u00e0tics\u201d, han assenyalat. En definitiva, temps d\u2019oci \u201csense eixir de la Vall\u201d i \u201cmolt merescut despr\u00e9s del curs escolar\u201d.<\/p>\n","protected":false},"excerpt":{"rendered":"<p>\u00baEl 19 de juny se celebrar\u00e0 un taller de \u2018fanalets\u2019 i el 21 una festa de l\u2019aigua i l\u2019escuma L\u2019Ajuntament de la Vall d\u2019Uix\u00f3 ha organitzat dues activitats per a celebrar la fi del curs escolar. \u2018Menut estiu, estiu menut\u2019 \u00e9s el programa que la setmana que ve realitzar\u00e0 un taller de \u2018fanalets\u2019 i una &#8230; <a title=\"\u2018Menut estiu\u2019, la proposta de l\u2019Ajuntament de la Vall d\u2019Uix\u00f3 per a celebrar la fi de curs\" class=\"read-more\" href=\"https:\/\/elcafedepipa.com\/index.php\/2025\/06\/16\/menut-estiu-la-proposta-de-lajuntament-de-la-vall-duixo-per-a-celebrar-la-fi-de-curs\/\" aria-label=\"M\u00e9s informaci\u00f3 sobre \u2018Menut estiu\u2019, la proposta de l\u2019Ajuntament de la Vall d\u2019Uix\u00f3 per a celebrar la fi de curs\">Read more<\/a><\/p>\n","protected":false},"author":2,"featured_media":14865,"comment_status":"closed","ping_status":"closed","sticky":false,"template":"","format":"standard","meta":{"om_disable_all_campaigns":false,"_monsterinsights_skip_tracking":false,"_monsterinsights_sitenote_active":false,"_monsterinsights_sitenote_note":"","_monsterinsights_sitenote_category":0,"_uf_show_specific_survey":0,"_uf_disable_surveys":false,"footnotes":""},"categories":[2],"tags":[],"class_list":["post-14864","post","type-post","status-publish","format-standard","has-post-thumbnail","hentry","category-lavallduixo"],"_links":{"self":[{"href":"https:\/\/elcafedepipa.com\/index.php\/wp-json\/wp\/v2\/posts\/14864","targetHints":{"allow":["GET"]}}],"collection":[{"href":"https:\/\/elcafedepipa.com\/index.php\/wp-json\/wp\/v2\/posts"}],"about":[{"href":"https:\/\/elcafedepipa.com\/index.php\/wp-json\/wp\/v2\/types\/post"}],"author":[{"embeddable":true,"href":"https:\/\/elcafedepipa.com\/index.php\/wp-json\/wp\/v2\/users\/2"}],"replies":[{"embeddable":true,"href":"https:\/\/elcafedepipa.com\/index.php\/wp-json\/wp\/v2\/comments?post=14864"}],"version-history":[{"count":1,"href":"https:\/\/elcafedepipa.com\/index.php\/wp-json\/wp\/v2\/posts\/14864\/revisions"}],"predecessor-version":[{"id":14866,"href":"https:\/\/elcafedepipa.com\/index.php\/wp-json\/wp\/v2\/posts\/14864\/revisions\/14866"}],"wp:featuredmedia":[{"embeddable":true,"href":"https:\/\/elcafedepipa.com\/index.php\/wp-json\/wp\/v2\/media\/14865"}],"wp:attachment":[{"href":"https:\/\/elcafedepipa.com\/index.php\/wp-json\/wp\/v2\/media?parent=14864"}],"wp:term":[{"taxonomy":"category","embeddable":true,"href":"https:\/\/elcafedepipa.com\/index.php\/wp-json\/wp\/v2\/categories?post=14864"},{"taxonomy":"post_tag","embeddable":true,"href":"https:\/\/elcafedepipa.com\/index.php\/wp-json\/wp\/v2\/tags?post=14864"}],"curies":[{"name":"wp","href":"https:\/\/api.w.org\/{rel}","templated":true}]}}