{"id":14861,"date":"2025-06-16T09:41:52","date_gmt":"2025-06-16T07:41:52","guid":{"rendered":"https:\/\/elcafedepipa.com\/?p=14861"},"modified":"2025-06-16T09:45:31","modified_gmt":"2025-06-16T07:45:31","slug":"el-proyecto-de-lescola-dart-i-superior-de-disseny-de-cas-tello-sobre-la-dana-logra-el-premio-a-la-mejor-narrativa-en-el-biodesign-challenge-en-el-moma-de-nueva-york","status":"publish","type":"post","link":"https:\/\/elcafedepipa.com\/index.php\/2025\/06\/16\/el-proyecto-de-lescola-dart-i-superior-de-disseny-de-cas-tello-sobre-la-dana-logra-el-premio-a-la-mejor-narrativa-en-el-biodesign-challenge-en-el-moma-de-nueva-york\/","title":{"rendered":"El projecte de l&#8217;Escola d\u2019Art i Superior de Disseny de Castell\u00f3 sobre la DANA aconsegueix el premi a la millor narrativa en el Biodesign Challenge al MOMA de Nova York"},"content":{"rendered":"\n<p>L\u2019Escola d\u2019Art i Superior de Disseny de Castell\u00f3 (EASD) ha sigut reconeguda amb el seu projecte <em>\u201cFrom Flood to Future\u201d<\/em>, inspirat en el desastre de la DANA, amb el premi <strong>Outstanding Narrative<\/strong> al certamen internacional <strong>Biodesign Challenge Summit 2025<\/strong>, celebrat al <strong>MOMA de Nova York<\/strong>. El guard\u00f3 premia l\u2019excel\u00b7l\u00e8ncia en la construcci\u00f3 narrativa de projectes que combinen ci\u00e8ncia, disseny i pensament cr\u00edtic.<\/p>\n\n\n\n<p>El projecte guardonat va n\u00e0ixer dins de l\u2019assignatura optativa <em>Futures Design<\/em>, una mat\u00e8ria de car\u00e0cter transdisciplinari que explora metodologies especulatives per imaginar futurs possibles des del disseny. En aquesta assignatura, que finalitz\u00e0 el passat mes de gener, es plantejaren diverses propostes i una d\u2019elles fou seleccionada per desenvolupar-se al llarg del segon semestre del curs, amb dedicaci\u00f3 extra tant de l\u2019alumnat com del professorat. Una tasca que ara es veu reconeguda amb aquest premi.<\/p>\n\n\n\n<p>Inspirat en l\u2019enfocament de dissenyadors com <strong>Dunne &amp; Raby<\/strong>, el treball <em>\u201cFrom Flood to Future\u201d<\/em> planteja un escenari fictici a partir d\u2019un fet real, la <strong>DANA de 2024 a Val\u00e8ncia<\/strong>, per q\u00fcestionar les respostes institucionals davant la crisi clim\u00e0tica i obrir nous interrogants sobre la resili\u00e8ncia, la just\u00edcia ecol\u00f2gica i la reparaci\u00f3.<\/p>\n\n\n\n<p>El grup guanyador d\u2019estudiants, format per diverses disciplines (Disseny Gr\u00e0fic, Disseny d\u2019Interiors i Gr\u00e0fica Publicit\u00e0ria), est\u00e0 integrat per <strong>Marina Ah\u00eds, Laura Calvo, Marina Hern\u00e1ndez, Laura Hern\u00e1ndez, Naima Ib\u00e1\u00f1ez i Alejandro Sutil<\/strong>; sota la tutoria del professorat <strong>Eusebio L\u00f3pez i Zoraida Nomdedeu<\/strong>. <strong>Laura i Naima<\/strong> foren les encarregades de presentar el projecte davant del jurat.<\/p>\n\n\n\n<p>\u201cLa versatilitat dels tallers de l\u2019EASD Castell\u00f3 ha perm\u00e9s desenvolupar una instal\u00b7laci\u00f3 ef\u00edmera en qu\u00e8 la serigrafia, que s\u2019imparteix en el M\u00e0ster de Gravaci\u00f3 i Serigrafia del centre, conviu amb un v\u00eddeo desenvolupat amb Intel\u00b7lig\u00e8ncia Artificial, permetent expressar po\u00e8ticament, com subratllava el jurat del MOMA de Nova York, un succ\u00e9s tr\u00e0gic i una proposta de l\u2019alumnat\u201d, expliquen fonts del centre despla\u00e7ades al lloc.<\/p>\n\n\n\n<p>Des d\u2019un enfocament cr\u00edtic i visualment narratiu, l\u2019equip ha desenvolupat una proposta que no busca solucions tecnol\u00f2giques immediates, sin\u00f3 provocar reflexi\u00f3 sobre el present i les decisions que modelen el nostre futur col\u00b7lectiu. La narrativa del projecte, la seua coher\u00e8ncia est\u00e8tica i la claredat en la presentaci\u00f3 han sigut reconegudes pel jurat internacional com una de les m\u00e9s potents del certamen.<\/p>\n\n\n\n<p>El <strong>Biodesign Challenge<\/strong> \u00e9s una plataforma internacional que reuneix anualment escoles d\u2019art, disseny i ci\u00e8ncia de tot el m\u00f3n. \u201cLa participaci\u00f3 de l\u2019EASD Castell\u00f3 en aquesta edici\u00f3 forma part del seu comprom\u00eds per introduir noves metodologies pedag\u00f2giques que connecten el disseny amb els grans reptes contemporanis des d\u2019una mirada \u00e8tica i responsable\u201d, afegeixen amb satisfacci\u00f3 fonts del centre.<\/p>\n\n\n\n<p><\/p>\n\n\n\n<p><\/p>\n","protected":false},"excerpt":{"rendered":"<p>L\u2019Escola d\u2019Art i Superior de Disseny de Castell\u00f3 (EASD) ha sigut reconeguda amb el seu projecte \u201cFrom Flood to Future\u201d, inspirat en el desastre de la DANA, amb el premi Outstanding Narrative al certamen internacional Biodesign Challenge Summit 2025, celebrat al MOMA de Nova York. El guard\u00f3 premia l\u2019excel\u00b7l\u00e8ncia en la construcci\u00f3 narrativa de projectes &#8230; <a title=\"El projecte de l&#8217;Escola d\u2019Art i Superior de Disseny de Castell\u00f3 sobre la DANA aconsegueix el premi a la millor narrativa en el Biodesign Challenge al MOMA de Nova York\" class=\"read-more\" href=\"https:\/\/elcafedepipa.com\/index.php\/2025\/06\/16\/el-proyecto-de-lescola-dart-i-superior-de-disseny-de-cas-tello-sobre-la-dana-logra-el-premio-a-la-mejor-narrativa-en-el-biodesign-challenge-en-el-moma-de-nueva-york\/\" aria-label=\"M\u00e9s informaci\u00f3 sobre El projecte de l&#8217;Escola d\u2019Art i Superior de Disseny de Castell\u00f3 sobre la DANA aconsegueix el premi a la millor narrativa en el Biodesign Challenge al MOMA de Nova York\">Read more<\/a><\/p>\n","protected":false},"author":2,"featured_media":14862,"comment_status":"closed","ping_status":"closed","sticky":false,"template":"","format":"standard","meta":{"om_disable_all_campaigns":false,"_monsterinsights_skip_tracking":false,"_monsterinsights_sitenote_active":false,"_monsterinsights_sitenote_note":"","_monsterinsights_sitenote_category":0,"_uf_show_specific_survey":0,"_uf_disable_surveys":false,"footnotes":""},"categories":[10],"tags":[],"class_list":["post-14861","post","type-post","status-publish","format-standard","has-post-thumbnail","hentry","category-provinciadecastello"],"_links":{"self":[{"href":"https:\/\/elcafedepipa.com\/index.php\/wp-json\/wp\/v2\/posts\/14861","targetHints":{"allow":["GET"]}}],"collection":[{"href":"https:\/\/elcafedepipa.com\/index.php\/wp-json\/wp\/v2\/posts"}],"about":[{"href":"https:\/\/elcafedepipa.com\/index.php\/wp-json\/wp\/v2\/types\/post"}],"author":[{"embeddable":true,"href":"https:\/\/elcafedepipa.com\/index.php\/wp-json\/wp\/v2\/users\/2"}],"replies":[{"embeddable":true,"href":"https:\/\/elcafedepipa.com\/index.php\/wp-json\/wp\/v2\/comments?post=14861"}],"version-history":[{"count":2,"href":"https:\/\/elcafedepipa.com\/index.php\/wp-json\/wp\/v2\/posts\/14861\/revisions"}],"predecessor-version":[{"id":14867,"href":"https:\/\/elcafedepipa.com\/index.php\/wp-json\/wp\/v2\/posts\/14861\/revisions\/14867"}],"wp:featuredmedia":[{"embeddable":true,"href":"https:\/\/elcafedepipa.com\/index.php\/wp-json\/wp\/v2\/media\/14862"}],"wp:attachment":[{"href":"https:\/\/elcafedepipa.com\/index.php\/wp-json\/wp\/v2\/media?parent=14861"}],"wp:term":[{"taxonomy":"category","embeddable":true,"href":"https:\/\/elcafedepipa.com\/index.php\/wp-json\/wp\/v2\/categories?post=14861"},{"taxonomy":"post_tag","embeddable":true,"href":"https:\/\/elcafedepipa.com\/index.php\/wp-json\/wp\/v2\/tags?post=14861"}],"curies":[{"name":"wp","href":"https:\/\/api.w.org\/{rel}","templated":true}]}}