{"id":14858,"date":"2025-06-16T09:39:43","date_gmt":"2025-06-16T07:39:43","guid":{"rendered":"https:\/\/elcafedepipa.com\/?p=14858"},"modified":"2025-06-16T09:39:44","modified_gmt":"2025-06-16T07:39:44","slug":"el-pp-demana-al-psoe-que-no-mentisca-als-veins-dalmenara-despres-de-rebutjar-en-el-congres-la-proteccio-dels-poblats-maritims-tradicionals","status":"publish","type":"post","link":"https:\/\/elcafedepipa.com\/index.php\/2025\/06\/16\/el-pp-demana-al-psoe-que-no-mentisca-als-veins-dalmenara-despres-de-rebutjar-en-el-congres-la-proteccio-dels-poblats-maritims-tradicionals\/","title":{"rendered":"El PP demana al PSOE que no mentisca als ve\u00efns d&#8217;Almenara despr\u00e9s de rebutjar en el Congr\u00e9s la protecci\u00f3 dels poblats mar\u00edtims tradicionals"},"content":{"rendered":"\n<p>El Partit Popular d&#8217;Almenara ha demanat a l&#8217;alcaldessa del PSOE que governa en minoria en la localitat que no mentisca als ve\u00efns despr\u00e9s que el dimarts 10 de juny el seu partit i Comprom\u00eds votaren en el Congr\u00e9s en contra de la Proposici\u00f3 de Llei presentada pel PP per a protegir els poblats mar\u00edtims tradicionals.<\/p>\n\n\n\n<p>La iniciativa, que va prosperar amb 189 vots a favor liderats pel PP enfront dels 155 de PSOE, Comprom\u00eds i Podemos, \u201ct\u00e9 per objectiu blindar les vivendes singulars de les costes que tenen un valor etnol\u00f2gic indubtable i que s\u00f3n patrimoni cultural viu\u201d, han explicat des del PP d&#8217;Almenara.<\/p>\n\n\n\n<p>Una iniciativa \u201cque def\u00e9n el futur de construccions tradicionals que antany no ocupaven el domini mar\u00edtim terrestre per\u00f2 que, davant la falta d&#8217;inversions del Govern d&#8217;Espanya i l&#8217;avan\u00e7 de la l\u00ednia de mar, han acabat ocupant esta l\u00ednia a causa de les partions promogudes pel PSOE\u201d.<\/p>\n\n\n\n<p>El PSOE que governa a Almenara \u201c\u00e9s el mateix que en el Congr\u00e9s est\u00e0 en contra de la protecci\u00f3 d&#8217;estes vivendes tradicionals. \u00c9s el mateix que ha votat en contra de la Llei de Protecci\u00f3 i Ordenaci\u00f3 de la Costa Valenciana dijous passat 15 de maig en Les Corts\u201d. \u201cNo volen protegir, volen derrocar\u201d, expliquen des del PP.<\/p>\n\n\n\n<p>I de la seua m\u00e0, Comprom\u00eds. \u201cS\u00f3n els mateixos. No volen blindar estos b\u00e9ns patrimonials, molts declarats protegits. Volen reduir-los a rebles\u201d. I ho demostren \u201camb un vot en contra en el Congr\u00e9s, que evidencia un desconeixement absolut i voluntari de la realitat. I tamb\u00e9 amb un vot en contra de la primera llei auton\u00f2mica de la costa. La que ells, quan governaven, mai van voler redactar\u201d.<\/p>\n\n\n\n<p>En este sentit, el PP d&#8217;Almenara assegura \u201cque nom\u00e9s el nostre projecte def\u00e9n la singularitat de la costa, aposta per conciliar usos i per garantir inversions que frenen la regressi\u00f3. La que durant massa anys hem patit a Almenara i que gr\u00e0cies al Govern d&#8217;Espanya, en mans del PP, es va protegir amb una inversi\u00f3 que hui \u00e9s protecci\u00f3 per al nostre litoral\u201d, han manifestat des del PP d&#8217;Almenara<\/p>\n","protected":false},"excerpt":{"rendered":"<p>El Partit Popular d&#8217;Almenara ha demanat a l&#8217;alcaldessa del PSOE que governa en minoria en la localitat que no mentisca als ve\u00efns despr\u00e9s que el dimarts 10 de juny el seu partit i Comprom\u00eds votaren en el Congr\u00e9s en contra de la Proposici\u00f3 de Llei presentada pel PP per a protegir els poblats mar\u00edtims tradicionals. &#8230; <a title=\"El PP demana al PSOE que no mentisca als ve\u00efns d&#8217;Almenara despr\u00e9s de rebutjar en el Congr\u00e9s la protecci\u00f3 dels poblats mar\u00edtims tradicionals\" class=\"read-more\" href=\"https:\/\/elcafedepipa.com\/index.php\/2025\/06\/16\/el-pp-demana-al-psoe-que-no-mentisca-als-veins-dalmenara-despres-de-rebutjar-en-el-congres-la-proteccio-dels-poblats-maritims-tradicionals\/\" aria-label=\"M\u00e9s informaci\u00f3 sobre El PP demana al PSOE que no mentisca als ve\u00efns d&#8217;Almenara despr\u00e9s de rebutjar en el Congr\u00e9s la protecci\u00f3 dels poblats mar\u00edtims tradicionals\">Read more<\/a><\/p>\n","protected":false},"author":2,"featured_media":14859,"comment_status":"closed","ping_status":"closed","sticky":false,"template":"","format":"standard","meta":{"om_disable_all_campaigns":false,"_monsterinsights_skip_tracking":false,"_monsterinsights_sitenote_active":false,"_monsterinsights_sitenote_note":"","_monsterinsights_sitenote_category":0,"_uf_show_specific_survey":0,"_uf_disable_surveys":false,"footnotes":""},"categories":[5],"tags":[],"class_list":["post-14858","post","type-post","status-publish","format-standard","has-post-thumbnail","hentry","category-almenara"],"_links":{"self":[{"href":"https:\/\/elcafedepipa.com\/index.php\/wp-json\/wp\/v2\/posts\/14858","targetHints":{"allow":["GET"]}}],"collection":[{"href":"https:\/\/elcafedepipa.com\/index.php\/wp-json\/wp\/v2\/posts"}],"about":[{"href":"https:\/\/elcafedepipa.com\/index.php\/wp-json\/wp\/v2\/types\/post"}],"author":[{"embeddable":true,"href":"https:\/\/elcafedepipa.com\/index.php\/wp-json\/wp\/v2\/users\/2"}],"replies":[{"embeddable":true,"href":"https:\/\/elcafedepipa.com\/index.php\/wp-json\/wp\/v2\/comments?post=14858"}],"version-history":[{"count":1,"href":"https:\/\/elcafedepipa.com\/index.php\/wp-json\/wp\/v2\/posts\/14858\/revisions"}],"predecessor-version":[{"id":14860,"href":"https:\/\/elcafedepipa.com\/index.php\/wp-json\/wp\/v2\/posts\/14858\/revisions\/14860"}],"wp:featuredmedia":[{"embeddable":true,"href":"https:\/\/elcafedepipa.com\/index.php\/wp-json\/wp\/v2\/media\/14859"}],"wp:attachment":[{"href":"https:\/\/elcafedepipa.com\/index.php\/wp-json\/wp\/v2\/media?parent=14858"}],"wp:term":[{"taxonomy":"category","embeddable":true,"href":"https:\/\/elcafedepipa.com\/index.php\/wp-json\/wp\/v2\/categories?post=14858"},{"taxonomy":"post_tag","embeddable":true,"href":"https:\/\/elcafedepipa.com\/index.php\/wp-json\/wp\/v2\/tags?post=14858"}],"curies":[{"name":"wp","href":"https:\/\/api.w.org\/{rel}","templated":true}]}}