{"id":14855,"date":"2025-06-16T09:37:32","date_gmt":"2025-06-16T07:37:32","guid":{"rendered":"https:\/\/elcafedepipa.com\/?p=14855"},"modified":"2025-06-16T09:37:33","modified_gmt":"2025-06-16T07:37:33","slug":"alfondeguilla-crea-un-llac-daigua-dolca-amb-plantes-aquatiques-en-el-paratge-del-pont-de-laigua","status":"publish","type":"post","link":"https:\/\/elcafedepipa.com\/index.php\/2025\/06\/16\/alfondeguilla-crea-un-llac-daigua-dolca-amb-plantes-aquatiques-en-el-paratge-del-pont-de-laigua\/","title":{"rendered":"Alfondeguilla crea un llac d&#8217;aigua dol\u00e7a amb plantes aqu\u00e0tiques en el paratge del Pont de l\u2019Aigua"},"content":{"rendered":"\n<p>El conseller de Medi Ambient, Infraestructures i Territori, Vicente Mart\u00ednez Mus, ha visitat a Alfondeguilla l&#8217;innovador llac d&#8217;aigua dol\u00e7a amb plantes aqu\u00e0tiques, que s&#8217;ha situat en el paratge del Pont de l&#8217;Aigua. Este projecte, que busca restaurar i posar en valor l&#8217;entorn natural, ha sigut finan\u00e7at amb una inversi\u00f3 de 40.000 euros a trav\u00e9s del programa de restauraci\u00f3 d&#8217;h\u00e0bitats i esp\u00e8cies en espais naturals protegits de la Conselleria.<\/p>\n\n\n\n<p>El nou llac no sols embellix el paisatge, sin\u00f3 que tamb\u00e9 contribu\u00efx a la<\/p>\n\n\n\n<p>funcionalitat i conservaci\u00f3 del llit del riu Belcaire. La iniciativa ha comptat amb l&#8217;activa participaci\u00f3 dels xiquets del CEIP Castro, els qui van col\u00b7laborar en la plantaci\u00f3 de les esp\u00e8cies aqu\u00e0tiques, portades des del Palmar, en la pr\u00f2pia Albufera.<\/p>\n\n\n\n<p>Durant la visita, el conseller Mart\u00ednez Mus ha destaqueu la import\u00e0ncia de posar en valor els recursos naturals i el comprom\u00eds del seu departament amb la recuperaci\u00f3 d&#8217;estos espais. Per part seua, l&#8217;alcalde d&#8217;Alfondeguilla, Salvador Ventura, ha destacat el desig de l&#8217;ajuntament de la localitat de continuar actuant en l&#8217;entorn i ha ressaltat l&#8217;entusiasme dels xiquets durant l&#8217;activitat de plantaci\u00f3.<\/p>\n\n\n\n<p>Esta actuaci\u00f3 refor\u00e7a el comprom\u00eds de la Conselleria de Medi Ambient, Infraestructures i Territori amb la biodiversitat i el manteniment dels ecosistemes locals, oferint a Alfondeguilla un nou atractiu natural i un espai de gaudi per als seus habitants.<\/p>\n","protected":false},"excerpt":{"rendered":"<p>El conseller de Medi Ambient, Infraestructures i Territori, Vicente Mart\u00ednez Mus, ha visitat a Alfondeguilla l&#8217;innovador llac d&#8217;aigua dol\u00e7a amb plantes aqu\u00e0tiques, que s&#8217;ha situat en el paratge del Pont de l&#8217;Aigua. Este projecte, que busca restaurar i posar en valor l&#8217;entorn natural, ha sigut finan\u00e7at amb una inversi\u00f3 de 40.000 euros a trav\u00e9s del &#8230; <a title=\"Alfondeguilla crea un llac d&#8217;aigua dol\u00e7a amb plantes aqu\u00e0tiques en el paratge del Pont de l\u2019Aigua\" class=\"read-more\" href=\"https:\/\/elcafedepipa.com\/index.php\/2025\/06\/16\/alfondeguilla-crea-un-llac-daigua-dolca-amb-plantes-aquatiques-en-el-paratge-del-pont-de-laigua\/\" aria-label=\"M\u00e9s informaci\u00f3 sobre Alfondeguilla crea un llac d&#8217;aigua dol\u00e7a amb plantes aqu\u00e0tiques en el paratge del Pont de l\u2019Aigua\">Read more<\/a><\/p>\n","protected":false},"author":2,"featured_media":14856,"comment_status":"closed","ping_status":"closed","sticky":false,"template":"","format":"standard","meta":{"om_disable_all_campaigns":false,"_monsterinsights_skip_tracking":false,"_monsterinsights_sitenote_active":false,"_monsterinsights_sitenote_note":"","_monsterinsights_sitenote_category":0,"_uf_show_specific_survey":0,"_uf_disable_surveys":false,"footnotes":""},"categories":[9],"tags":[],"class_list":["post-14855","post","type-post","status-publish","format-standard","has-post-thumbnail","hentry","category-alfondeguilla"],"_links":{"self":[{"href":"https:\/\/elcafedepipa.com\/index.php\/wp-json\/wp\/v2\/posts\/14855","targetHints":{"allow":["GET"]}}],"collection":[{"href":"https:\/\/elcafedepipa.com\/index.php\/wp-json\/wp\/v2\/posts"}],"about":[{"href":"https:\/\/elcafedepipa.com\/index.php\/wp-json\/wp\/v2\/types\/post"}],"author":[{"embeddable":true,"href":"https:\/\/elcafedepipa.com\/index.php\/wp-json\/wp\/v2\/users\/2"}],"replies":[{"embeddable":true,"href":"https:\/\/elcafedepipa.com\/index.php\/wp-json\/wp\/v2\/comments?post=14855"}],"version-history":[{"count":1,"href":"https:\/\/elcafedepipa.com\/index.php\/wp-json\/wp\/v2\/posts\/14855\/revisions"}],"predecessor-version":[{"id":14857,"href":"https:\/\/elcafedepipa.com\/index.php\/wp-json\/wp\/v2\/posts\/14855\/revisions\/14857"}],"wp:featuredmedia":[{"embeddable":true,"href":"https:\/\/elcafedepipa.com\/index.php\/wp-json\/wp\/v2\/media\/14856"}],"wp:attachment":[{"href":"https:\/\/elcafedepipa.com\/index.php\/wp-json\/wp\/v2\/media?parent=14855"}],"wp:term":[{"taxonomy":"category","embeddable":true,"href":"https:\/\/elcafedepipa.com\/index.php\/wp-json\/wp\/v2\/categories?post=14855"},{"taxonomy":"post_tag","embeddable":true,"href":"https:\/\/elcafedepipa.com\/index.php\/wp-json\/wp\/v2\/tags?post=14855"}],"curies":[{"name":"wp","href":"https:\/\/api.w.org\/{rel}","templated":true}]}}