{"id":14849,"date":"2025-06-13T21:44:42","date_gmt":"2025-06-13T19:44:42","guid":{"rendered":"https:\/\/elcafedepipa.com\/?p=14849"},"modified":"2025-06-13T21:44:42","modified_gmt":"2025-06-13T19:44:42","slug":"ricar-canada-segon-fitxatge-de-la-ude","status":"publish","type":"post","link":"https:\/\/elcafedepipa.com\/index.php\/2025\/06\/13\/ricar-canada-segon-fitxatge-de-la-ude\/","title":{"rendered":"Ricar Ca\u00f1ada segon fitxatge de la UDE"},"content":{"rendered":"\n<p>Ricardo Ca\u00f1ada Jim\u00e9nez, nascut el 6 de maig del 1999 a Albacete, \u00e9s un jugador esquerr\u00e0 d&#8217;1,86 metres d&#8217;estatura i que habitualment ocupa la posici\u00f3 de defensa central sobre el terreny de joc.<\/p>\n\n\n\n<p>Destaca per la seua contund\u00e8ncia a la zona defensiva de l&#8217;equip, disposa d&#8217;una bona eixida de pilota des del darrere, i la seua envergadura f\u00edsica permet dominar el joc aeri.<\/p>\n\n\n\n<p>El nou jugador de la UDE, Ricar Ca\u00f1ada, es defineix com un \u201ccentral contundent\u201d, considerant que disposa d&#8217;una \u201cbona eixida de pilota\u201d i afegeix que \u00e9s \u201ccorrecte t\u00e8cnicament i t\u00e0cticament\u201d. Unes qualitats que han conven\u00e7ut Jos\u00e9 Manuel Descalzo per a la seua incorporaci\u00f3.<\/p>\n\n\n\n<p>Es va formar a les categories inferiors de l&#8217;Albacete Balompi\u00e9, debutant en categoria nacional amb l&#8217;equip filial la temporada 2017\/2018. Posteriorment, va recalar a les files de l&#8217;Atl\u00e8tic Albacete, va estar dues temporades al Quintanar del Rey i Socu\u00e9llamos.<\/p>\n\n\n\n<p>Ha passat pel Ciutat de Lucena, el Cieza de M\u00farcia, Uni\u00f3n Sur Yaiza de Canaries i el CD Soneja on va acabar el darrer tram de la temporada passada.<\/p>\n\n\n\n<p>Tot i la seva joventut disposa d&#8217;una gran experi\u00e8ncia en categoria nacional, amb m\u00e9s de 30 partits disputats a Segona Federaci\u00f3 RFEF i m\u00e9s de 90 a Tercera Federaci\u00f3.<\/p>\n\n\n\n<p><\/p>\n","protected":false},"excerpt":{"rendered":"<p>Ricardo Ca\u00f1ada Jim\u00e9nez, nascut el 6 de maig del 1999 a Albacete, \u00e9s un jugador esquerr\u00e0 d&#8217;1,86 metres d&#8217;estatura i que habitualment ocupa la posici\u00f3 de defensa central sobre el terreny de joc. Destaca per la seua contund\u00e8ncia a la zona defensiva de l&#8217;equip, disposa d&#8217;una bona eixida de pilota des del darrere, i la &#8230; <a title=\"Ricar Ca\u00f1ada segon fitxatge de la UDE\" class=\"read-more\" href=\"https:\/\/elcafedepipa.com\/index.php\/2025\/06\/13\/ricar-canada-segon-fitxatge-de-la-ude\/\" aria-label=\"M\u00e9s informaci\u00f3 sobre Ricar Ca\u00f1ada segon fitxatge de la UDE\">Read more<\/a><\/p>\n","protected":false},"author":2,"featured_media":14850,"comment_status":"closed","ping_status":"closed","sticky":false,"template":"","format":"standard","meta":{"om_disable_all_campaigns":false,"_monsterinsights_skip_tracking":false,"_monsterinsights_sitenote_active":false,"_monsterinsights_sitenote_note":"","_monsterinsights_sitenote_category":0,"_uf_show_specific_survey":0,"_uf_disable_surveys":false,"footnotes":""},"categories":[1],"tags":[],"class_list":["post-14849","post","type-post","status-publish","format-standard","has-post-thumbnail","hentry","category-non-classe"],"_links":{"self":[{"href":"https:\/\/elcafedepipa.com\/index.php\/wp-json\/wp\/v2\/posts\/14849","targetHints":{"allow":["GET"]}}],"collection":[{"href":"https:\/\/elcafedepipa.com\/index.php\/wp-json\/wp\/v2\/posts"}],"about":[{"href":"https:\/\/elcafedepipa.com\/index.php\/wp-json\/wp\/v2\/types\/post"}],"author":[{"embeddable":true,"href":"https:\/\/elcafedepipa.com\/index.php\/wp-json\/wp\/v2\/users\/2"}],"replies":[{"embeddable":true,"href":"https:\/\/elcafedepipa.com\/index.php\/wp-json\/wp\/v2\/comments?post=14849"}],"version-history":[{"count":1,"href":"https:\/\/elcafedepipa.com\/index.php\/wp-json\/wp\/v2\/posts\/14849\/revisions"}],"predecessor-version":[{"id":14851,"href":"https:\/\/elcafedepipa.com\/index.php\/wp-json\/wp\/v2\/posts\/14849\/revisions\/14851"}],"wp:featuredmedia":[{"embeddable":true,"href":"https:\/\/elcafedepipa.com\/index.php\/wp-json\/wp\/v2\/media\/14850"}],"wp:attachment":[{"href":"https:\/\/elcafedepipa.com\/index.php\/wp-json\/wp\/v2\/media?parent=14849"}],"wp:term":[{"taxonomy":"category","embeddable":true,"href":"https:\/\/elcafedepipa.com\/index.php\/wp-json\/wp\/v2\/categories?post=14849"},{"taxonomy":"post_tag","embeddable":true,"href":"https:\/\/elcafedepipa.com\/index.php\/wp-json\/wp\/v2\/tags?post=14849"}],"curies":[{"name":"wp","href":"https:\/\/api.w.org\/{rel}","templated":true}]}}