{"id":14842,"date":"2025-06-13T15:08:28","date_gmt":"2025-06-13T13:08:28","guid":{"rendered":"https:\/\/elcafedepipa.com\/?p=14842"},"modified":"2025-06-13T15:08:28","modified_gmt":"2025-06-13T13:08:28","slug":"el-ple-dalmenara-acorda-per-unanimitat-ampliar-el-menjador-escolar","status":"publish","type":"post","link":"https:\/\/elcafedepipa.com\/index.php\/2025\/06\/13\/el-ple-dalmenara-acorda-per-unanimitat-ampliar-el-menjador-escolar\/","title":{"rendered":"El Ple d&#8217;Almenara acorda per unanimitat ampliar el menjador escolar"},"content":{"rendered":"\n<p>L&#8217;Ajuntament d&#8217;Almenara escometr\u00e0 les obres d&#8217;ampliaci\u00f3 del menjador del col\u00b7legi de la localitat despr\u00e9s d&#8217;acordar el ple ahir per unanimitat destinar el Fons de Cooperaci\u00f3 Municipal de la Diputaci\u00f3 de Castell\u00f3, canviant la destinaci\u00f3 inicial ateses les necessitats existents. De fet, des dels serveis t\u00e8cnics municipals ja s&#8217;est\u00e0 treballant en l&#8217;ampliaci\u00f3 per verificar el cost i les necessitats d&#8217;una obra que s&#8217;escometr\u00e0 en dues fases.<\/p>\n\n\n\n<p><br>La proposta parteix d&#8217;una esmena del Grup Socialista a una moci\u00f3 presentada pel grup Popular que proposava una modificaci\u00f3 pressupost\u00e0ria amb altres finalitats. Despr\u00e9s d&#8217;explicar l&#8217;alcaldessa les necessitats i la urg\u00e8ncia de l&#8217;actuaci\u00f3, tots els grups pol\u00edtics (PSPV, Comprom\u00eds i PP) es van mostrar un\u00e0nimement d&#8217;acord a canviar el dest\u00ed de l&#8217;aportaci\u00f3 econ\u00f2mica per a la necess\u00e0ria ampliaci\u00f3 del menjador escolar.<\/p>\n\n\n\n<p><br>L\u00b4alcaldessa, Est\u00edbaliz P\u00e9rez, ha destacat que &#8220;quan sorgeixen necessitats, cal atendre-les, i en aquest cas prioritzar l\u00b4ampliaci\u00f3 del menjador escolar \u00e9s una demanda que s\u00b4ha d\u00b4afrontar vista la situaci\u00f3 actual de saturaci\u00f3 de l\u00b4actual&#8221; pel que &#8220;la proposta va ser acceptada per tots els grups pol\u00edtics, als quals agra\u00efm des de l\u00b4equip de govern la seva implicaci\u00f3 i la seva implicaci\u00f3&#8221;.<\/p>\n","protected":false},"excerpt":{"rendered":"<p>L&#8217;Ajuntament d&#8217;Almenara escometr\u00e0 les obres d&#8217;ampliaci\u00f3 del menjador del col\u00b7legi de la localitat despr\u00e9s d&#8217;acordar el ple ahir per unanimitat destinar el Fons de Cooperaci\u00f3 Municipal de la Diputaci\u00f3 de Castell\u00f3, canviant la destinaci\u00f3 inicial ateses les necessitats existents. De fet, des dels serveis t\u00e8cnics municipals ja s&#8217;est\u00e0 treballant en l&#8217;ampliaci\u00f3 per verificar el cost &#8230; <a title=\"El Ple d&#8217;Almenara acorda per unanimitat ampliar el menjador escolar\" class=\"read-more\" href=\"https:\/\/elcafedepipa.com\/index.php\/2025\/06\/13\/el-ple-dalmenara-acorda-per-unanimitat-ampliar-el-menjador-escolar\/\" aria-label=\"M\u00e9s informaci\u00f3 sobre El Ple d&#8217;Almenara acorda per unanimitat ampliar el menjador escolar\">Read more<\/a><\/p>\n","protected":false},"author":2,"featured_media":14843,"comment_status":"closed","ping_status":"closed","sticky":false,"template":"","format":"standard","meta":{"om_disable_all_campaigns":false,"_monsterinsights_skip_tracking":false,"_monsterinsights_sitenote_active":false,"_monsterinsights_sitenote_note":"","_monsterinsights_sitenote_category":0,"_uf_show_specific_survey":0,"_uf_disable_surveys":false,"footnotes":""},"categories":[5],"tags":[],"class_list":["post-14842","post","type-post","status-publish","format-standard","has-post-thumbnail","hentry","category-almenara"],"_links":{"self":[{"href":"https:\/\/elcafedepipa.com\/index.php\/wp-json\/wp\/v2\/posts\/14842","targetHints":{"allow":["GET"]}}],"collection":[{"href":"https:\/\/elcafedepipa.com\/index.php\/wp-json\/wp\/v2\/posts"}],"about":[{"href":"https:\/\/elcafedepipa.com\/index.php\/wp-json\/wp\/v2\/types\/post"}],"author":[{"embeddable":true,"href":"https:\/\/elcafedepipa.com\/index.php\/wp-json\/wp\/v2\/users\/2"}],"replies":[{"embeddable":true,"href":"https:\/\/elcafedepipa.com\/index.php\/wp-json\/wp\/v2\/comments?post=14842"}],"version-history":[{"count":1,"href":"https:\/\/elcafedepipa.com\/index.php\/wp-json\/wp\/v2\/posts\/14842\/revisions"}],"predecessor-version":[{"id":14844,"href":"https:\/\/elcafedepipa.com\/index.php\/wp-json\/wp\/v2\/posts\/14842\/revisions\/14844"}],"wp:featuredmedia":[{"embeddable":true,"href":"https:\/\/elcafedepipa.com\/index.php\/wp-json\/wp\/v2\/media\/14843"}],"wp:attachment":[{"href":"https:\/\/elcafedepipa.com\/index.php\/wp-json\/wp\/v2\/media?parent=14842"}],"wp:term":[{"taxonomy":"category","embeddable":true,"href":"https:\/\/elcafedepipa.com\/index.php\/wp-json\/wp\/v2\/categories?post=14842"},{"taxonomy":"post_tag","embeddable":true,"href":"https:\/\/elcafedepipa.com\/index.php\/wp-json\/wp\/v2\/tags?post=14842"}],"curies":[{"name":"wp","href":"https:\/\/api.w.org\/{rel}","templated":true}]}}