{"id":14839,"date":"2025-06-13T15:03:58","date_gmt":"2025-06-13T13:03:58","guid":{"rendered":"https:\/\/elcafedepipa.com\/?p=14839"},"modified":"2025-06-13T15:03:59","modified_gmt":"2025-06-13T13:03:59","slug":"nules-intensifica-les-actuacions-per-a-la-prevencio-de-focus-de-mosquits","status":"publish","type":"post","link":"https:\/\/elcafedepipa.com\/index.php\/2025\/06\/13\/nules-intensifica-les-actuacions-per-a-la-prevencio-de-focus-de-mosquits\/","title":{"rendered":"Nules intensifica les actuacions per a la prevenci\u00f3 de focus de mosquits"},"content":{"rendered":"\n<p><strong>Fa una crida a la ciutadania per a que col\u00b7labori en la prevenci\u00f3 i recorda que hi ha un r\u00e8gim sancionador a l\u2019ordenan\u00e7a municipal<\/strong><\/p>\n\n\n\n<p>L\u2019Ajuntament de Nules ha intensificat, en els \u00faltims dies, les actuacions de prevenci\u00f3 de focus de mosquits en diferents zones del terme municipal, al mateix temps que est\u00e0 supervisant els llocs inundables per a prevenir focus davant l\u2019augment de les temperatures.<\/p>\n\n\n\n<p>Aix\u00ed doncs, des de la regidoria de Sanitat s\u2019assenyala que els tractaments preventius es porten a terme al llarg de tot l\u2019any per\u00f2 que en aquesta \u00e8poca \u00e9s molt important, a m\u00e9s, la col\u00b7laboraci\u00f3 ciutadana, \u201cper a poder actuar de manera r\u00e0pida i efica\u00e7\u201d matisa el regidor Ram\u00f3n Mart\u00ednez.<\/p>\n\n\n\n<p>Per la qual cosa, es demana al ve\u00efnat que quan es detecti un focus de mosquits o es registren picades considerables es cride al departament de Sanitat del consistori perqu\u00e8 l\u2019empresa encarregada puga actuar en eixe lloc abans de 24 hores.<\/p>\n\n\n\n<p>No obstant aix\u00f2, es fa una crida a la ciutadania per a evitar tindre aigua estancada en les seues propietats, com per exemple en els testos de les plantes, cobertes, estancaments d\u2019aigua al terra, o en basses d\u2019aigua&nbsp; \u201cperqu\u00e8 des del consistori no es pot actuar a les zones privades\u201d, matisa Mart\u00ednez.<\/p>\n\n\n\n<p>Aix\u00ed, s\u2019aconsella, entre d\u2019altres, foradar els recipients utilitzats per dipositar flors per a evitar aix\u00ed acumulacions d\u2019aigua; utilitzar altres recursos per mantenir les flors, com&nbsp; esponges; fomentar l\u2019\u00fas de plantes naturals amb poques necessitats h\u00eddriques; buidar i donar la volta a gerros i plats de testos sense utilitzar; o evitar objectes decoratius que puguen acumular aigua, \u201cen mires tot d\u2019evitar l\u2019acumulaci\u00f3 d\u2019aigua que puga concentrar focus de mosquits\u201d, apunta l\u2019edil.<\/p>\n\n\n\n<p><strong>Infraccions i sancions<\/strong><\/p>\n\n\n\n<p>A m\u00e9s, cal recordar que l\u2019Ajuntament de Nules va aprovar l\u2019any 2016 l\u2019Ordenan\u00e7a Municipal per a la Prevenci\u00f3 i Control dels Mosquits amb la finalitat d\u2019establir les mesures necess\u00e0ries per al control de poblacions de mosquits per a minimitzar els efectes molestos i perjudicials que poden ocasionar al ve\u00efnat del municipi.<\/p>\n\n\n\n<p>De fet, aquesta ordenan\u00e7a va acompanyada de diverses campanyes informatives i de conscienciaci\u00f3 ciutadana, i preveu tamb\u00e9 mesures en el cas d\u2019incompliments.&nbsp;<\/p>\n\n\n\n<p>En aquest sentit, l\u2019ordenan\u00e7a municipal contempla un r\u00e8gim sancionador que pot arribar als 3.000 euros. De manera que, les infraccions lleus com ara no buidar els recipients amb aigua estancada o no realitzar els tractaments recomanats per les autoritats municipals, comporten sancions de fins a 750 euros; les infraccions greus es consideren la reincid\u00e8ncia en infraccions lleus, la negativa injustificada a permetre inspeccions municipals, o la realitzaci\u00f3 d\u2019activitats que afavoreixin la proliferaci\u00f3 de mosquits, totes elles poden tindre sancions de 751 a 1.500 euros; i les infraccions molt greus s\u00f3n les que involucren una conducta dolosa o negligent que causi perjudici greu a la salut p\u00fablica o al medi ambient amb multes entre 1.501 i 3.000 euros.&nbsp;&nbsp;<\/p>\n\n\n\n<p>Des de la regidoria de Sanitat, el regidor Ram\u00f3n Mart\u00ednez, explica que \u201cla motivaci\u00f3 d\u2019aquest r\u00e8gim sancionador es fonamenta en els principis de proporcionalitat, per a que la sanci\u00f3 sigui acord amb la gravetat del fet; de la prevenci\u00f3; i de la protecci\u00f3 de la salut p\u00fablica, donada la import\u00e0ncia del control de vectors com el mosquit tigre, transmissor de malalties\u201d.&nbsp;&nbsp;&nbsp;&nbsp;&nbsp;<\/p>\n","protected":false},"excerpt":{"rendered":"<p>Fa una crida a la ciutadania per a que col\u00b7labori en la prevenci\u00f3 i recorda que hi ha un r\u00e8gim sancionador a l\u2019ordenan\u00e7a municipal L\u2019Ajuntament de Nules ha intensificat, en els \u00faltims dies, les actuacions de prevenci\u00f3 de focus de mosquits en diferents zones del terme municipal, al mateix temps que est\u00e0 supervisant els llocs &#8230; <a title=\"Nules intensifica les actuacions per a la prevenci\u00f3 de focus de mosquits\" class=\"read-more\" href=\"https:\/\/elcafedepipa.com\/index.php\/2025\/06\/13\/nules-intensifica-les-actuacions-per-a-la-prevencio-de-focus-de-mosquits\/\" aria-label=\"M\u00e9s informaci\u00f3 sobre Nules intensifica les actuacions per a la prevenci\u00f3 de focus de mosquits\">Read more<\/a><\/p>\n","protected":false},"author":2,"featured_media":14840,"comment_status":"closed","ping_status":"closed","sticky":false,"template":"","format":"standard","meta":{"om_disable_all_campaigns":false,"_monsterinsights_skip_tracking":false,"_monsterinsights_sitenote_active":false,"_monsterinsights_sitenote_note":"","_monsterinsights_sitenote_category":0,"_uf_show_specific_survey":0,"_uf_disable_surveys":false,"footnotes":""},"categories":[3],"tags":[],"class_list":["post-14839","post","type-post","status-publish","format-standard","has-post-thumbnail","hentry","category-nules"],"_links":{"self":[{"href":"https:\/\/elcafedepipa.com\/index.php\/wp-json\/wp\/v2\/posts\/14839","targetHints":{"allow":["GET"]}}],"collection":[{"href":"https:\/\/elcafedepipa.com\/index.php\/wp-json\/wp\/v2\/posts"}],"about":[{"href":"https:\/\/elcafedepipa.com\/index.php\/wp-json\/wp\/v2\/types\/post"}],"author":[{"embeddable":true,"href":"https:\/\/elcafedepipa.com\/index.php\/wp-json\/wp\/v2\/users\/2"}],"replies":[{"embeddable":true,"href":"https:\/\/elcafedepipa.com\/index.php\/wp-json\/wp\/v2\/comments?post=14839"}],"version-history":[{"count":1,"href":"https:\/\/elcafedepipa.com\/index.php\/wp-json\/wp\/v2\/posts\/14839\/revisions"}],"predecessor-version":[{"id":14841,"href":"https:\/\/elcafedepipa.com\/index.php\/wp-json\/wp\/v2\/posts\/14839\/revisions\/14841"}],"wp:featuredmedia":[{"embeddable":true,"href":"https:\/\/elcafedepipa.com\/index.php\/wp-json\/wp\/v2\/media\/14840"}],"wp:attachment":[{"href":"https:\/\/elcafedepipa.com\/index.php\/wp-json\/wp\/v2\/media?parent=14839"}],"wp:term":[{"taxonomy":"category","embeddable":true,"href":"https:\/\/elcafedepipa.com\/index.php\/wp-json\/wp\/v2\/categories?post=14839"},{"taxonomy":"post_tag","embeddable":true,"href":"https:\/\/elcafedepipa.com\/index.php\/wp-json\/wp\/v2\/tags?post=14839"}],"curies":[{"name":"wp","href":"https:\/\/api.w.org\/{rel}","templated":true}]}}