{"id":14836,"date":"2025-06-13T15:01:14","date_gmt":"2025-06-13T13:01:14","guid":{"rendered":"https:\/\/elcafedepipa.com\/?p=14836"},"modified":"2025-06-13T15:01:14","modified_gmt":"2025-06-13T13:01:14","slug":"lajuntament-de-la-vall-duixo-comenca-el-16-de-juny-les-obres-de-rehabilitacio-del-carrer-guzman","status":"publish","type":"post","link":"https:\/\/elcafedepipa.com\/index.php\/2025\/06\/13\/lajuntament-de-la-vall-duixo-comenca-el-16-de-juny-les-obres-de-rehabilitacio-del-carrer-guzman\/","title":{"rendered":"L&#8217;Ajuntament de la Vall d\u2019Uix\u00f3 comen\u00e7a el 16 de juny les obres de rehabilitaci\u00f3 del carrer Guzm\u00e1n"},"content":{"rendered":"\n<p><strong>Les afeccions al tr\u00e0nsit a la primera fase van des del carrer Xac\u00f3 fins al carrer Ram\u00f3n Pallar\u00e9s<\/strong><\/p>\n\n\n\n<p>L&#8217;Ajuntament de la Vall d&#8217;Uix\u00f3 comen\u00e7ar\u00e0 el dilluns 16 de juny la primera fase de les obres de rehabilitaci\u00f3 del carrer Guzm\u00e1n i adjacents, que consistiran en la renovaci\u00f3 de la xarxa d&#8217;aig\u00fces en un dels punts m\u00e9s importants del municipi at\u00e8s que connecten la zona nord amb la resta. Tamb\u00e9 s&#8217;ampliaran i es faran accessibles les voreres.<\/p>\n\n\n\n<p>El regidor de Mobilitat i Policia, Javier Ferreres, ha explicat les afeccions al tr\u00e0nsit que comportar\u00e0 aquesta actuaci\u00f3 \u201cque \u00e9s molt necess\u00e0ria perqu\u00e8 molts trams estan molt deteriorats\u201d i tamb\u00e9 ha estat \u201cmolt reivindicada i demanada pels ve\u00efns i ve\u00efnes de la zona\u201d.<\/p>\n\n\n\n<p><strong>Les afeccions al tr\u00e0nsit en aquesta primera fase s\u00f3n les seg\u00fcents:<\/strong><\/p>\n\n\n\n<ul class=\"wp-block-list\">\n<li><strong>Del 16 al 22 de juny.<\/strong><br>\u25e6 Tram del carrer Convent des del carrer Xac\u00f3 fins al carrer Correus obert al tr\u00e0nsit per\u00f2 prohibici\u00f3 d&#8217;aparcar.<\/li>\n\n\n\n<li><strong>Del 23 al 27 de juny.<\/strong><br>\u25e6 Tr\u00e0nsit tallat al carrer Convent i carrer Ramon Pallar\u00e9s.<\/li>\n\n\n\n<li><strong>Del 23 de juny fins a finalitzaci\u00f3 d&#8217;obres (previst a finals de juliol).<\/strong><br>\u25e6 Carrer Convent tallat al tr\u00e0nsit. No es podr\u00e0 accedir ni des del carrer Xac\u00f3 ni des del carrer Correus.<br>\u25e6 Els vehicles que pugin direcci\u00f3 nord pel carrer Correos podran circular fins a la cru\u00eflla amb el carrer Bernarda Serra.<br>\u25e6 El carrer Xac\u00f3 estar\u00e0 obert al tr\u00e0nsit per\u00f2 als no residents se&#8217;ls recomana utilitzar vies alternatives per les circumval\u00b7lacions.<\/li>\n<\/ul>\n\n\n\n<p>Per finalitzar, Ferreres ha assenyalat que \u201cles obres generen mol\u00e8sties per\u00f2 s\u00f3n necess\u00e0ries, i en aquest cas la millora del carrer Guzm\u00e1n era molt necess\u00e0ria i molt sol\u00b7licitada\u201d.<br><\/p>\n\n\n\n<p><\/p>\n","protected":false},"excerpt":{"rendered":"<p>Les afeccions al tr\u00e0nsit a la primera fase van des del carrer Xac\u00f3 fins al carrer Ram\u00f3n Pallar\u00e9s L&#8217;Ajuntament de la Vall d&#8217;Uix\u00f3 comen\u00e7ar\u00e0 el dilluns 16 de juny la primera fase de les obres de rehabilitaci\u00f3 del carrer Guzm\u00e1n i adjacents, que consistiran en la renovaci\u00f3 de la xarxa d&#8217;aig\u00fces en un dels punts &#8230; <a title=\"L&#8217;Ajuntament de la Vall d\u2019Uix\u00f3 comen\u00e7a el 16 de juny les obres de rehabilitaci\u00f3 del carrer Guzm\u00e1n\" class=\"read-more\" href=\"https:\/\/elcafedepipa.com\/index.php\/2025\/06\/13\/lajuntament-de-la-vall-duixo-comenca-el-16-de-juny-les-obres-de-rehabilitacio-del-carrer-guzman\/\" aria-label=\"M\u00e9s informaci\u00f3 sobre L&#8217;Ajuntament de la Vall d\u2019Uix\u00f3 comen\u00e7a el 16 de juny les obres de rehabilitaci\u00f3 del carrer Guzm\u00e1n\">Read more<\/a><\/p>\n","protected":false},"author":2,"featured_media":14837,"comment_status":"closed","ping_status":"closed","sticky":false,"template":"","format":"standard","meta":{"om_disable_all_campaigns":false,"_monsterinsights_skip_tracking":false,"_monsterinsights_sitenote_active":false,"_monsterinsights_sitenote_note":"","_monsterinsights_sitenote_category":0,"_uf_show_specific_survey":0,"_uf_disable_surveys":false,"footnotes":""},"categories":[1],"tags":[],"class_list":["post-14836","post","type-post","status-publish","format-standard","has-post-thumbnail","hentry","category-non-classe"],"_links":{"self":[{"href":"https:\/\/elcafedepipa.com\/index.php\/wp-json\/wp\/v2\/posts\/14836","targetHints":{"allow":["GET"]}}],"collection":[{"href":"https:\/\/elcafedepipa.com\/index.php\/wp-json\/wp\/v2\/posts"}],"about":[{"href":"https:\/\/elcafedepipa.com\/index.php\/wp-json\/wp\/v2\/types\/post"}],"author":[{"embeddable":true,"href":"https:\/\/elcafedepipa.com\/index.php\/wp-json\/wp\/v2\/users\/2"}],"replies":[{"embeddable":true,"href":"https:\/\/elcafedepipa.com\/index.php\/wp-json\/wp\/v2\/comments?post=14836"}],"version-history":[{"count":1,"href":"https:\/\/elcafedepipa.com\/index.php\/wp-json\/wp\/v2\/posts\/14836\/revisions"}],"predecessor-version":[{"id":14838,"href":"https:\/\/elcafedepipa.com\/index.php\/wp-json\/wp\/v2\/posts\/14836\/revisions\/14838"}],"wp:featuredmedia":[{"embeddable":true,"href":"https:\/\/elcafedepipa.com\/index.php\/wp-json\/wp\/v2\/media\/14837"}],"wp:attachment":[{"href":"https:\/\/elcafedepipa.com\/index.php\/wp-json\/wp\/v2\/media?parent=14836"}],"wp:term":[{"taxonomy":"category","embeddable":true,"href":"https:\/\/elcafedepipa.com\/index.php\/wp-json\/wp\/v2\/categories?post=14836"},{"taxonomy":"post_tag","embeddable":true,"href":"https:\/\/elcafedepipa.com\/index.php\/wp-json\/wp\/v2\/tags?post=14836"}],"curies":[{"name":"wp","href":"https:\/\/api.w.org\/{rel}","templated":true}]}}