{"id":14814,"date":"2025-06-12T15:08:44","date_gmt":"2025-06-12T13:08:44","guid":{"rendered":"https:\/\/elcafedepipa.com\/?p=14814"},"modified":"2025-06-12T15:08:44","modified_gmt":"2025-06-12T13:08:44","slug":"el-collegi-dalmenara-obte-el-guardo-de-bandera-verda","status":"publish","type":"post","link":"https:\/\/elcafedepipa.com\/index.php\/2025\/06\/12\/el-collegi-dalmenara-obte-el-guardo-de-bandera-verda\/","title":{"rendered":"El Col\u00b7legi d&#8217;Almenara obt\u00e9 el guard\u00f3 de bandera verda"},"content":{"rendered":"\n<p>El col\u00b7legi p\u00fablic d&#8217;Almenara ha obtingut el guard\u00f3 internacional \u201cBandera Verda\u201d que s&#8217;atorga a aquells centres educatius que s\u00f3n un model de coher\u00e8ncia i educaci\u00f3 ambiental dins de la xarxa Ecoescoles. El centre \u00e9s un dels primers de la Comunitat Valenciana a aconseguir-la.<\/p>\n\n\n\n<p><br>La Bandera Verda ha estat concedida per l&#8217;Associaci\u00f3 d&#8217;Educaci\u00f3 Ambiental i del Consumidor (ADEAC) que tamb\u00e9 atorga les banderes, senders i centres blaus, aix\u00ed com les claus verdes dins dels programes internacionals de la Foundation for Environmental Education (FEE).<\/p>\n\n\n\n<p><br>Cal ressaltar que Ecoescoles \u00e9s el programa internacional d&#8217;educaci\u00f3 m\u00e9s gran per a la sostenibilitat en l&#8217;\u00e0mbit educatiu, recolzat per l&#8217;Organitzaci\u00f3 de les Nacions Unides per a l&#8217;Educaci\u00f3, la Ci\u00e8ncia i la Cultura (UNESCO). El programa es basa en la participaci\u00f3 de tota la comunitat educativa.<br>Aquest reconeixement arriba despr\u00e9s de revisar la tasca del col\u00b7legi d&#8217;Almenara com a Ecoescola durant els \u00faltims tres anys i segons Adeac, suposa \u201cno nom\u00e9s premiar l&#8217;excel\u00b7lent feina desenvolupada fins ara\u201d, sin\u00f3 que tamb\u00e9 anima a \u201ccontinuar avan\u00e7ant\u201d ja que \u201cencara queda molt cam\u00ed per rec\u00f3rrer\u201d en el \u201cproc\u00e9s de transformaci\u00f3 cap a una escola m\u00e9s sostenible\u201d.<\/p>\n\n\n\n<p><br>Des d&#8217;Adeac s&#8217;espera que la Bandera Verda concedida per un per\u00edode de tres anys \u201csigui un impuls de motivaci\u00f3 i il\u00b7lusi\u00f3 per continuar col\u00b7laborant en la cura del planeta i continuar construint, des de l&#8217;educaci\u00f3, un entorn m\u00e9s just i respectu\u00f3s amb el medi ambient\u201d.<br>La consecuci\u00f3 de la Bandera Verda per part del col\u00b7legi d&#8217;Almenara \u00e9s el resultat del treball desenvolupat mitjan\u00e7ant una s\u00e8rie de programes i iniciatives en qu\u00e8 tamb\u00e9 ha col\u00b7laborat amb el centre l&#8217;Ajuntament d&#8217;Almenara a trav\u00e9s de la regidoria de Medi Ambient.<\/p>\n\n\n\n<p><br>Per aix\u00f2 al llarg dels darrers cursos s&#8217;ha dut a terme una programaci\u00f3 transversal al centre amb una tem\u00e0tica comuna (aigua, biodiversitat, fam zero\u2026). D&#8217;aquesta manera, a cada curs s&#8217;han realitzat tot tipus d&#8217;activitats basades en una tem\u00e0tica diferent aprofitant els recursos de la localitat i involucrant tota la comunitat educativa, aix\u00ed com a l&#8217;ajuntament.<br>Alhora, tamb\u00e9 s&#8217;han creat els comit\u00e8s mediambientals del centre, amb la participaci\u00f3 de la comunitat educativa i fins i tot les patrulles verdes de l&#8217;alumnat.<\/p>\n\n\n\n<p><br>La directora del centre, Mar\u00eda Isabel Diago, ha volgut felicitar tota la comunitat educativa \u201cel nostre alumnat, professorat, personal no docent, fam\u00edlies, ajuntament\u2026 pel seu gran esfor\u00e7 i implicaci\u00f3 a aconseguir un col\u00b7legi sostenible on imperin els valors mediambientals i la protecci\u00f3 del planeta, conscienciant tota la localitat d&#8217;Almenara, convertint-nos en un gran referent\u201d.<\/p>\n\n\n\n<p><br>L&#8217;alcaldessa, Est\u00edbaliz P\u00e9rez, ha volgut felicitar la comunitat educativa de l&#8217;escola d&#8217;Almenara per la seva &#8220;implicaci\u00f3 en la cura i preservaci\u00f3 del medi ambient, aix\u00ed com per la conscienciaci\u00f3 cap a la sostenibilitat que s&#8217;est\u00e0 duent a terme al centre a trav\u00e9s de les diverses iniciatives, en qu\u00e8 com no podia ser altrament, col\u00b7labora l&#8217;Ajuntament d&#8217;Almenara&#8221;.<\/p>\n","protected":false},"excerpt":{"rendered":"<p>El col\u00b7legi p\u00fablic d&#8217;Almenara ha obtingut el guard\u00f3 internacional \u201cBandera Verda\u201d que s&#8217;atorga a aquells centres educatius que s\u00f3n un model de coher\u00e8ncia i educaci\u00f3 ambiental dins de la xarxa Ecoescoles. El centre \u00e9s un dels primers de la Comunitat Valenciana a aconseguir-la. La Bandera Verda ha estat concedida per l&#8217;Associaci\u00f3 d&#8217;Educaci\u00f3 Ambiental i del &#8230; <a title=\"El Col\u00b7legi d&#8217;Almenara obt\u00e9 el guard\u00f3 de bandera verda\" class=\"read-more\" href=\"https:\/\/elcafedepipa.com\/index.php\/2025\/06\/12\/el-collegi-dalmenara-obte-el-guardo-de-bandera-verda\/\" aria-label=\"M\u00e9s informaci\u00f3 sobre El Col\u00b7legi d&#8217;Almenara obt\u00e9 el guard\u00f3 de bandera verda\">Read more<\/a><\/p>\n","protected":false},"author":2,"featured_media":14815,"comment_status":"closed","ping_status":"closed","sticky":false,"template":"","format":"standard","meta":{"om_disable_all_campaigns":false,"_monsterinsights_skip_tracking":false,"_monsterinsights_sitenote_active":false,"_monsterinsights_sitenote_note":"","_monsterinsights_sitenote_category":0,"_uf_show_specific_survey":0,"_uf_disable_surveys":false,"footnotes":""},"categories":[5],"tags":[],"class_list":["post-14814","post","type-post","status-publish","format-standard","has-post-thumbnail","hentry","category-almenara"],"_links":{"self":[{"href":"https:\/\/elcafedepipa.com\/index.php\/wp-json\/wp\/v2\/posts\/14814","targetHints":{"allow":["GET"]}}],"collection":[{"href":"https:\/\/elcafedepipa.com\/index.php\/wp-json\/wp\/v2\/posts"}],"about":[{"href":"https:\/\/elcafedepipa.com\/index.php\/wp-json\/wp\/v2\/types\/post"}],"author":[{"embeddable":true,"href":"https:\/\/elcafedepipa.com\/index.php\/wp-json\/wp\/v2\/users\/2"}],"replies":[{"embeddable":true,"href":"https:\/\/elcafedepipa.com\/index.php\/wp-json\/wp\/v2\/comments?post=14814"}],"version-history":[{"count":1,"href":"https:\/\/elcafedepipa.com\/index.php\/wp-json\/wp\/v2\/posts\/14814\/revisions"}],"predecessor-version":[{"id":14816,"href":"https:\/\/elcafedepipa.com\/index.php\/wp-json\/wp\/v2\/posts\/14814\/revisions\/14816"}],"wp:featuredmedia":[{"embeddable":true,"href":"https:\/\/elcafedepipa.com\/index.php\/wp-json\/wp\/v2\/media\/14815"}],"wp:attachment":[{"href":"https:\/\/elcafedepipa.com\/index.php\/wp-json\/wp\/v2\/media?parent=14814"}],"wp:term":[{"taxonomy":"category","embeddable":true,"href":"https:\/\/elcafedepipa.com\/index.php\/wp-json\/wp\/v2\/categories?post=14814"},{"taxonomy":"post_tag","embeddable":true,"href":"https:\/\/elcafedepipa.com\/index.php\/wp-json\/wp\/v2\/tags?post=14814"}],"curies":[{"name":"wp","href":"https:\/\/api.w.org\/{rel}","templated":true}]}}