{"id":14807,"date":"2025-06-12T15:02:30","date_gmt":"2025-06-12T13:02:30","guid":{"rendered":"https:\/\/elcafedepipa.com\/?p=14807"},"modified":"2025-06-12T15:02:31","modified_gmt":"2025-06-12T13:02:31","slug":"nules-dona-suport-al-programa-erasmus-de-lies-gilabert-de-centelles","status":"publish","type":"post","link":"https:\/\/elcafedepipa.com\/index.php\/2025\/06\/12\/nules-dona-suport-al-programa-erasmus-de-lies-gilabert-de-centelles\/","title":{"rendered":"Nules dona suport al programa Erasmus + de l&#8217;IES Gilabert de Centelles"},"content":{"rendered":"\n<p><strong>Una exposici\u00f3 visibilitza l\u2019activitat&nbsp; emmarcada en aquest projecte europeu<\/strong><\/p>\n\n\n\n<p>La Biblioteca Municipal Jos\u00e9 Vicente Felip Monlle\u00f3 ha albergat l\u2019exposici\u00f3&nbsp;&#8220;Nuestra aventura europea con Erasmus+&#8221;, amb la qual s\u2019ha fet un recorregut pel sis cursos de traject\u00f2ria del projecte Erasmus+ escolar a l\u2019IES Gilabert de Centelles. Aix\u00ed, la mostra ha volgut reflectir les experi\u00e8ncies viscudes per l\u2019alumnat i el professorat de Secund\u00e0ria i de Batxillerat a diferents centres educatius europeus, destacant el valor de l\u2019intercanvi cultural i acad\u00e8mic.<\/p>\n\n\n\n<p>De fet, des de l\u2019Ajuntament de Nules s\u2019ha donat suport a aquest projecte educatiu des del seu inici, aix\u00ed el Primer Tinent d\u2019Alcalde i regidor de Medi Ambient, C\u00e9sar Esta\u00f1ol, ha estat a la inauguraci\u00f3 d\u2019aquesta exposici\u00f3 i destaca que \u201ctant el centre educatiu com el consistori compartim l\u2019objectiu d\u2019impulsar una societat m\u00e9s conscient, compromesa amb el medi ambient i la lluita contra el canvi clim\u00e0tic, principis que tamb\u00e9 guien la participaci\u00f3 al projecte Erasmus+\u201d.<\/p>\n\n\n\n<p>Amb aquest programa es fomenta tamb\u00e9 la col\u00b7laboraci\u00f3 entre diferents centres educatius europeus, at\u00e8s que aquest tipus de formaci\u00f3 est\u00e0 cofinan\u00e7ada per la Uni\u00f3 Europea.<\/p>\n","protected":false},"excerpt":{"rendered":"<p>Una exposici\u00f3 visibilitza l\u2019activitat&nbsp; emmarcada en aquest projecte europeu La Biblioteca Municipal Jos\u00e9 Vicente Felip Monlle\u00f3 ha albergat l\u2019exposici\u00f3&nbsp;&#8220;Nuestra aventura europea con Erasmus+&#8221;, amb la qual s\u2019ha fet un recorregut pel sis cursos de traject\u00f2ria del projecte Erasmus+ escolar a l\u2019IES Gilabert de Centelles. Aix\u00ed, la mostra ha volgut reflectir les experi\u00e8ncies viscudes per l\u2019alumnat &#8230; <a title=\"Nules dona suport al programa Erasmus + de l&#8217;IES Gilabert de Centelles\" class=\"read-more\" href=\"https:\/\/elcafedepipa.com\/index.php\/2025\/06\/12\/nules-dona-suport-al-programa-erasmus-de-lies-gilabert-de-centelles\/\" aria-label=\"M\u00e9s informaci\u00f3 sobre Nules dona suport al programa Erasmus + de l&#8217;IES Gilabert de Centelles\">Read more<\/a><\/p>\n","protected":false},"author":2,"featured_media":14808,"comment_status":"closed","ping_status":"closed","sticky":false,"template":"","format":"standard","meta":{"om_disable_all_campaigns":false,"_monsterinsights_skip_tracking":false,"_monsterinsights_sitenote_active":false,"_monsterinsights_sitenote_note":"","_monsterinsights_sitenote_category":0,"_uf_show_specific_survey":0,"_uf_disable_surveys":false,"footnotes":""},"categories":[3],"tags":[],"class_list":["post-14807","post","type-post","status-publish","format-standard","has-post-thumbnail","hentry","category-nules"],"_links":{"self":[{"href":"https:\/\/elcafedepipa.com\/index.php\/wp-json\/wp\/v2\/posts\/14807","targetHints":{"allow":["GET"]}}],"collection":[{"href":"https:\/\/elcafedepipa.com\/index.php\/wp-json\/wp\/v2\/posts"}],"about":[{"href":"https:\/\/elcafedepipa.com\/index.php\/wp-json\/wp\/v2\/types\/post"}],"author":[{"embeddable":true,"href":"https:\/\/elcafedepipa.com\/index.php\/wp-json\/wp\/v2\/users\/2"}],"replies":[{"embeddable":true,"href":"https:\/\/elcafedepipa.com\/index.php\/wp-json\/wp\/v2\/comments?post=14807"}],"version-history":[{"count":1,"href":"https:\/\/elcafedepipa.com\/index.php\/wp-json\/wp\/v2\/posts\/14807\/revisions"}],"predecessor-version":[{"id":14809,"href":"https:\/\/elcafedepipa.com\/index.php\/wp-json\/wp\/v2\/posts\/14807\/revisions\/14809"}],"wp:featuredmedia":[{"embeddable":true,"href":"https:\/\/elcafedepipa.com\/index.php\/wp-json\/wp\/v2\/media\/14808"}],"wp:attachment":[{"href":"https:\/\/elcafedepipa.com\/index.php\/wp-json\/wp\/v2\/media?parent=14807"}],"wp:term":[{"taxonomy":"category","embeddable":true,"href":"https:\/\/elcafedepipa.com\/index.php\/wp-json\/wp\/v2\/categories?post=14807"},{"taxonomy":"post_tag","embeddable":true,"href":"https:\/\/elcafedepipa.com\/index.php\/wp-json\/wp\/v2\/tags?post=14807"}],"curies":[{"name":"wp","href":"https:\/\/api.w.org\/{rel}","templated":true}]}}