{"id":14800,"date":"2025-06-12T14:59:31","date_gmt":"2025-06-12T12:59:31","guid":{"rendered":"https:\/\/elcafedepipa.com\/?p=14800"},"modified":"2025-06-12T14:59:32","modified_gmt":"2025-06-12T12:59:32","slug":"foc-musica-i-mar-protagonitzaran-una-nova-edicio-de-la-nit-magica-de-sant-joan-a-moncofa","status":"publish","type":"post","link":"https:\/\/elcafedepipa.com\/index.php\/2025\/06\/12\/foc-musica-i-mar-protagonitzaran-una-nova-edicio-de-la-nit-magica-de-sant-joan-a-moncofa\/","title":{"rendered":"Foc, m\u00fasica i mar protagonitzaran una nova edici\u00f3 de la nit m\u00e0gica de Sant Joan a Moncofa"},"content":{"rendered":"\n<p>Arriba Sant Joan, una de les nits m\u00e9s m\u00e0giques de l&#8217;any, i l&#8217;Ajuntament de Moncofa torna a proposar una completa programaci\u00f3 d&#8217;activitats per a donar la benvinguda a l&#8217;estiu amb m\u00fasica, tradicions i conviv\u00e8ncia. Un any m\u00e9s, la celebraci\u00f3 del solstici d&#8217;estiu a Moncofa anir\u00e0 m\u00e9s enll\u00e0 de la mateixa nit de Sant Joan, quan el foc purificador de les fogueres i el tradicional bany de peus a vora mar carregaran d&#8217;energia la imminent temporada estival en el municipi.<\/p>\n\n\n\n<p>Els actes comen\u00e7aran el dissabte 21 de juny amb la Festa Circuit, que tindr\u00e0 lloc a les 19.00 hores en la pla\u00e7a dels Cucs i comptar\u00e0 amb la m\u00fasica dels DJ Stivi Josel i Paco Moliner.<\/p>\n\n\n\n<p>El plat fort arribar\u00e0 el dilluns 23 de juny, la nit m\u00e0gica de Sant Joan, que arrancar\u00e0 a les 21.30 h amb un sopar de germanor i festa musical al cam\u00ed Cabres. A les 23.00 h tindr\u00e0 lloc un correfoc amb batucada a c\u00e0rrec de l&#8217;associaci\u00f3 Dracs d\u2019Uix\u00f3 a l&#8217;avinguda Mare Nostrum, seguit de la tradicional encesa de la foguera municipal a les 23.45 h a la pla\u00e7a Ruiz Picasso, enfront de la platja del Grau. A mitjanit, amb el litoral il\u00b7luminat per les fogueres, arribar\u00e0 el moment d&#8217;un dels rituals m\u00e9s simb\u00f2lics de la nit: el bany de peus a la mar.<\/p>\n\n\n\n<p>La nit s&#8217;allargar\u00e0 amb el V Festival DJ Sant Joan 25, des de les 00.15 h en la zona Pedra Roja (av. Mare Nostrum), amb les actuacions dels DJ \u00d3scar Barroso (resident en LIA-TE) i Alex Villa (resident en Jaleo Castell\u00f3), al costat del grup d&#8217;animaci\u00f3 Kanallas Fest, que repartir\u00e0 samarretes, pilotes de platja, palmitos, unflables i moltes sorpreses per a tots els p\u00fablics. La barra ser\u00e0 gestionada per la Comissi\u00f3 de Festes de Sant Antoni.<\/p>\n\n\n\n<p>Despr\u00e9s de la nit de Sant Joan, la festa a Moncofa continua el dissabte 28 de juny, amb el Reggaeton Festival (23.00 h, zona Belcaire Nord), amb els DJ Ivan Santafe, Marcos, Juan Garc\u00eda i David S\u00e1ez, en un esdeveniment organitzat per Garsan Events.<\/p>\n\n\n\n<p>&#8220;Des de l&#8217;Ajuntament hem organitzat activitats durant tot el mes de juny al voltant de Sant Joan per a oferir als nostres ve\u00efns, ve\u00efnes i visitants una opci\u00f3 d&#8217;oci a l&#8217;aire lliure, gratu\u00efta i per a tots els gustos i edats&#8221;, ha concl\u00f2s la regidora de Festes, Maria Teresa Alemany, que ha afegit que &#8220;Moncofa \u00e9s cultura, art, tradicions i esport durant tot l&#8217;any, la qual cosa ens converteix en un municipi referent a la prov\u00edncia de Castell\u00f3 i un punt de trobada de milers de persones, sobretot amb l&#8217;arribada del bon temps, quan les nostres platges s&#8217;omplin d&#8217;estiuejants arribats de tota la geografia nacional i internacional&#8221;.<\/p>\n","protected":false},"excerpt":{"rendered":"<p>Arriba Sant Joan, una de les nits m\u00e9s m\u00e0giques de l&#8217;any, i l&#8217;Ajuntament de Moncofa torna a proposar una completa programaci\u00f3 d&#8217;activitats per a donar la benvinguda a l&#8217;estiu amb m\u00fasica, tradicions i conviv\u00e8ncia. Un any m\u00e9s, la celebraci\u00f3 del solstici d&#8217;estiu a Moncofa anir\u00e0 m\u00e9s enll\u00e0 de la mateixa nit de Sant Joan, quan &#8230; <a title=\"Foc, m\u00fasica i mar protagonitzaran una nova edici\u00f3 de la nit m\u00e0gica de Sant Joan a Moncofa\" class=\"read-more\" href=\"https:\/\/elcafedepipa.com\/index.php\/2025\/06\/12\/foc-musica-i-mar-protagonitzaran-una-nova-edicio-de-la-nit-magica-de-sant-joan-a-moncofa\/\" aria-label=\"M\u00e9s informaci\u00f3 sobre Foc, m\u00fasica i mar protagonitzaran una nova edici\u00f3 de la nit m\u00e0gica de Sant Joan a Moncofa\">Read more<\/a><\/p>\n","protected":false},"author":2,"featured_media":14801,"comment_status":"closed","ping_status":"closed","sticky":false,"template":"","format":"standard","meta":{"om_disable_all_campaigns":false,"_monsterinsights_skip_tracking":false,"_monsterinsights_sitenote_active":false,"_monsterinsights_sitenote_note":"","_monsterinsights_sitenote_category":0,"_uf_show_specific_survey":0,"_uf_disable_surveys":false,"footnotes":""},"categories":[4],"tags":[],"class_list":["post-14800","post","type-post","status-publish","format-standard","has-post-thumbnail","hentry","category-moncofa"],"_links":{"self":[{"href":"https:\/\/elcafedepipa.com\/index.php\/wp-json\/wp\/v2\/posts\/14800","targetHints":{"allow":["GET"]}}],"collection":[{"href":"https:\/\/elcafedepipa.com\/index.php\/wp-json\/wp\/v2\/posts"}],"about":[{"href":"https:\/\/elcafedepipa.com\/index.php\/wp-json\/wp\/v2\/types\/post"}],"author":[{"embeddable":true,"href":"https:\/\/elcafedepipa.com\/index.php\/wp-json\/wp\/v2\/users\/2"}],"replies":[{"embeddable":true,"href":"https:\/\/elcafedepipa.com\/index.php\/wp-json\/wp\/v2\/comments?post=14800"}],"version-history":[{"count":1,"href":"https:\/\/elcafedepipa.com\/index.php\/wp-json\/wp\/v2\/posts\/14800\/revisions"}],"predecessor-version":[{"id":14802,"href":"https:\/\/elcafedepipa.com\/index.php\/wp-json\/wp\/v2\/posts\/14800\/revisions\/14802"}],"wp:featuredmedia":[{"embeddable":true,"href":"https:\/\/elcafedepipa.com\/index.php\/wp-json\/wp\/v2\/media\/14801"}],"wp:attachment":[{"href":"https:\/\/elcafedepipa.com\/index.php\/wp-json\/wp\/v2\/media?parent=14800"}],"wp:term":[{"taxonomy":"category","embeddable":true,"href":"https:\/\/elcafedepipa.com\/index.php\/wp-json\/wp\/v2\/categories?post=14800"},{"taxonomy":"post_tag","embeddable":true,"href":"https:\/\/elcafedepipa.com\/index.php\/wp-json\/wp\/v2\/tags?post=14800"}],"curies":[{"name":"wp","href":"https:\/\/api.w.org\/{rel}","templated":true}]}}