{"id":14793,"date":"2025-06-12T14:56:17","date_gmt":"2025-06-12T12:56:17","guid":{"rendered":"https:\/\/elcafedepipa.com\/?p=14793"},"modified":"2025-06-12T14:57:13","modified_gmt":"2025-06-12T12:57:13","slug":"la-unio-assessora-a-un-grup-dafectats-en-el-proces-concursal-de-lempresa-citricola-agribur","status":"publish","type":"post","link":"https:\/\/elcafedepipa.com\/index.php\/2025\/06\/12\/la-unio-assessora-a-un-grup-dafectats-en-el-proces-concursal-de-lempresa-citricola-agribur\/","title":{"rendered":"LA UNI\u00d3 assessora a un grup d&#8217;afectats en el proc\u00e9s concursal de l&#8217;empresa citr\u00edcola Agribur"},"content":{"rendered":"\n<p><strong>L&#8217;organitzaci\u00f3 no descarta tampoc en funci\u00f3 dels resultats emprendre un altre tipus d&#8217;accions legals<\/strong><\/p>\n\n\n\n<p>La Uni\u00f3 Llauradora assessorar\u00e0 a trav\u00e9s dels seus serveis jur\u00eddics a un grup d&#8217;afectats als quals l\u2019empresa citr\u00edcola Agribur ha deixat sense pagar les seues collites despr\u00e9s d&#8217;entrar en un proc\u00e9s concursal voluntari de creditors a la fi de gener i que se segueix pel jutjat mercantil n\u00ba1 de Castell\u00f3.<\/p>\n\n\n\n<p>L&#8217;objectiu de LA UNI\u00d3 i d&#8217;aquests afectats \u00e9s en aquests moments personar-se en el cas i obtindre la m\u00e0xima informaci\u00f3 possible a trav\u00e9s d&#8217;un \u00fanic procurador i lletrat per a abaratir costos als llauradors perjudicats i aconseguir la millor soluci\u00f3 possible per a aquests.<\/p>\n\n\n\n<p>No obstant aix\u00f2, l&#8217;organitzaci\u00f3 no descarta tampoc estudiar la possibilitat d&#8217;emprendre un altre tipus d&#8217;accions legals, fins i tot penals si arribara el cas, at\u00e9s que algunes de les persones afectades, per desconeixement, van signar els seus contractes de compravenda de c\u00edtrics despr\u00e9s fins i tot de la data en la qual l&#8217;empresa havia sol\u00b7licitat el preconcurs, la qual cosa podria demostrar l&#8217;ocultaci\u00f3 per part de Agribur de la seua situaci\u00f3 econ\u00f2mica als productors.<\/p>\n\n\n\n<p>Carles Peris, secretari general de LA UNI\u00d3, assenyala que \u201cque resulta molt frustrant que en campanyes de c\u00edtrics com l&#8217;actual en les quals els productors amb els preus actuals podrien obtindre uns ingressos molt m\u00e9s dignes que en les \u00faltimes, encara hi haja empreses que es dediquen a estafar als citricultors\u201d.<\/p>\n\n\n\n<p>Agribur t\u00e9 la seu en la localitat de Vall d&#8217;Uix\u00f3 i es dedica des de fa temps a la producci\u00f3, confecci\u00f3, venda i distribuci\u00f3 de taronges i mandarines, fonamentalment per a exportaci\u00f3. T\u00e9 una plantilla de 155 treballadors, uns ingressos de 32,1 milions d&#8217;euros i acumula un deute de 30,6 milions d&#8217;euros.<\/p>\n\n\n\n<p>La companyia, que treballava fins a la data amb un volum d&#8217;uns 30 milions de quilos de fruita a l&#8217;any, va emprendre recentment una forta inversi\u00f3 amb f\u00f3rmules de finan\u00e7ament alienes a la banca tradicional amb l&#8217;objectiu d&#8217;ampliar la seua capacitat de producci\u00f3.<\/p>\n\n\n\n<p>LA UNI\u00d3 es posa a la disposici\u00f3 de totes les persones afectades per impagaments de Agribur perqu\u00e8 s&#8217;unisquen i es defensen els seus interessos de manera conjunta. Per a aix\u00f2 es pot contactar a trav\u00e9s del tel\u00e8fon 963 53 00 36 o del correu electr\u00f2nic: launio@launio.org.<\/p>\n\n\n\n<p>En aquest sentit Carles Peris indica que \u201cuna de les principals funcions d&#8217;una organitzaci\u00f3 agr\u00e0ria com la nostra, fermament arrelada en el territori i el medi rural, \u00e9s defensar els interessos de les persones llauradores, com el de les afectades en aquesta mena de casos d&#8217;abusos per impagaments, i on \u00e9s molt important anar tots units de la m\u00e0\u201d.<\/p>\n","protected":false},"excerpt":{"rendered":"<p>L&#8217;organitzaci\u00f3 no descarta tampoc en funci\u00f3 dels resultats emprendre un altre tipus d&#8217;accions legals La Uni\u00f3 Llauradora assessorar\u00e0 a trav\u00e9s dels seus serveis jur\u00eddics a un grup d&#8217;afectats als quals l\u2019empresa citr\u00edcola Agribur ha deixat sense pagar les seues collites despr\u00e9s d&#8217;entrar en un proc\u00e9s concursal voluntari de creditors a la fi de gener i &#8230; <a title=\"LA UNI\u00d3 assessora a un grup d&#8217;afectats en el proc\u00e9s concursal de l&#8217;empresa citr\u00edcola Agribur\" class=\"read-more\" href=\"https:\/\/elcafedepipa.com\/index.php\/2025\/06\/12\/la-unio-assessora-a-un-grup-dafectats-en-el-proces-concursal-de-lempresa-citricola-agribur\/\" aria-label=\"M\u00e9s informaci\u00f3 sobre LA UNI\u00d3 assessora a un grup d&#8217;afectats en el proc\u00e9s concursal de l&#8217;empresa citr\u00edcola Agribur\">Read more<\/a><\/p>\n","protected":false},"author":2,"featured_media":14794,"comment_status":"closed","ping_status":"closed","sticky":false,"template":"","format":"standard","meta":{"om_disable_all_campaigns":false,"_monsterinsights_skip_tracking":false,"_monsterinsights_sitenote_active":false,"_monsterinsights_sitenote_note":"","_monsterinsights_sitenote_category":0,"_uf_show_specific_survey":0,"_uf_disable_surveys":false,"footnotes":""},"categories":[1],"tags":[],"class_list":["post-14793","post","type-post","status-publish","format-standard","has-post-thumbnail","hentry","category-non-classe"],"_links":{"self":[{"href":"https:\/\/elcafedepipa.com\/index.php\/wp-json\/wp\/v2\/posts\/14793","targetHints":{"allow":["GET"]}}],"collection":[{"href":"https:\/\/elcafedepipa.com\/index.php\/wp-json\/wp\/v2\/posts"}],"about":[{"href":"https:\/\/elcafedepipa.com\/index.php\/wp-json\/wp\/v2\/types\/post"}],"author":[{"embeddable":true,"href":"https:\/\/elcafedepipa.com\/index.php\/wp-json\/wp\/v2\/users\/2"}],"replies":[{"embeddable":true,"href":"https:\/\/elcafedepipa.com\/index.php\/wp-json\/wp\/v2\/comments?post=14793"}],"version-history":[{"count":1,"href":"https:\/\/elcafedepipa.com\/index.php\/wp-json\/wp\/v2\/posts\/14793\/revisions"}],"predecessor-version":[{"id":14795,"href":"https:\/\/elcafedepipa.com\/index.php\/wp-json\/wp\/v2\/posts\/14793\/revisions\/14795"}],"wp:featuredmedia":[{"embeddable":true,"href":"https:\/\/elcafedepipa.com\/index.php\/wp-json\/wp\/v2\/media\/14794"}],"wp:attachment":[{"href":"https:\/\/elcafedepipa.com\/index.php\/wp-json\/wp\/v2\/media?parent=14793"}],"wp:term":[{"taxonomy":"category","embeddable":true,"href":"https:\/\/elcafedepipa.com\/index.php\/wp-json\/wp\/v2\/categories?post=14793"},{"taxonomy":"post_tag","embeddable":true,"href":"https:\/\/elcafedepipa.com\/index.php\/wp-json\/wp\/v2\/tags?post=14793"}],"curies":[{"name":"wp","href":"https:\/\/api.w.org\/{rel}","templated":true}]}}