{"id":14790,"date":"2025-06-12T14:54:33","date_gmt":"2025-06-12T12:54:33","guid":{"rendered":"https:\/\/elcafedepipa.com\/?p=14790"},"modified":"2025-06-12T14:54:34","modified_gmt":"2025-06-12T12:54:34","slug":"lajuntament-de-la-vall-duixo-finalitza-les-obres-del-cami-de-laigua-al-roser","status":"publish","type":"post","link":"https:\/\/elcafedepipa.com\/index.php\/2025\/06\/12\/lajuntament-de-la-vall-duixo-finalitza-les-obres-del-cami-de-laigua-al-roser\/","title":{"rendered":"L&#8217;Ajuntament de la Vall d&#8217;Uix\u00f3 finalitza les obres del Cam\u00ed de l&#8217;Aigua al Roser"},"content":{"rendered":"\n<p><strong>Les obres han estat finan\u00e7ades per la Uni\u00f3 Europea i han creat una zona de baixes emissions, m\u00e9s amable i accessible<\/strong><\/p>\n\n\n\n<p>L&#8217;Ajuntament de la Vall d\u2019Uix\u00f3 ha signat avui la recepci\u00f3 de les obres de la segona fase del Cam\u00ed de l\u2019Aigua, una actuaci\u00f3 que ha rehabilitat m\u00e9s de 2.000 m\u00b2 al barri del Roser, la Cova Santa i el seu entorn. Aquest projecte l&#8217;ha finan\u00e7at la Uni\u00f3 Europea a trav\u00e9s dels fons Next Generation EU, amb una inversi\u00f3 entre les dues fases d&#8217;1,4 milions d&#8217;euros.<\/p>\n\n\n\n<p>El projecte ha creat una zona de baixes emissions que intenta \u201cfomentar la mobilitat activa, reduir les emissions de CO2 i pacificar el tr\u00e0nsit per fer una ciutat m\u00e9s amable i sostenible\u201d, tal com ha explicat l&#8217;alcaldessa, Tania Ba\u00f1os, que ha visitat aquest mat\u00ed el final dels treballs amb el regidor d&#8217;Urbanisme, Vicente Pitarch.<\/p>\n\n\n\n<p>Les obres han creat una plataforma \u00fanica que millora l&#8217;accessibilitat dels carrers i alguns trams de m\u00e9s pas de vehicles s&#8217;han asfaltat, especialment on el paviment estava en pitjor estat. Aix\u00ed mateix, s&#8217;ha renovat la xarxa d&#8217;abastament d&#8217;aigua i de clavegueram i s&#8217;ha doblat la recollida de pluvials, una part de la intervenci\u00f3 \u201cque \u00e9s invisible per\u00f2 molt important per evitar fugues i humitats\u201d, ha remarcat Pitarch.<\/p>\n\n\n\n<p>L&#8217;objectiu ha estat \u201cfer els espais m\u00e9s verds i amables a un barri que viu molt al carrer\u201d, segons l&#8217;edil. Per aix\u00f2, s&#8217;hi han instal\u00b7lat jardineres, arbrat, bancs i papereres. En concret s&#8217;ha actuat als carrers Hern\u00e1n Cort\u00e9s, Viriat, Pelai, Parad\u00eds, Sant Llu\u00eds, Cova Santa, Vicent Fas el Dol\u00e7ainer i la Mare de D\u00e9u del Roser i les places de la Salut i Moss\u00e8n Francisco Pe\u00f1arroja.<\/p>\n\n\n\n<p>L&#8217;alcaldessa ha destacat \u201cl&#8217;esfor\u00e7 compartit\u201d de l&#8217;Ajuntament i els ve\u00efns i ve\u00efnes, que \u201csabem que han patit mol\u00e8sties i problemes durant les obres, per\u00f2 un cop vist el resultat final val la pena\u201d. Aix\u00ed, ha agra\u00eft la seua col\u00b7laboraci\u00f3 en aquests mesos i ha insistit que gr\u00e0cies a subvencions europees com aquesta \u201ctransformem i modernitzem els nostres barris i la nostra ciutat\u201d.<\/p>\n\n\n\n<p>Per \u201ccelebrar al costat dels ve\u00efns i ve\u00efnes el final de les obres\u201d el dijous 19 de juny, a les 19.00 hores, es realitzar\u00e0 un taller infantil de fanalets al centre social del Roser. A continuaci\u00f3 es far\u00e0 una passejada pel recorregut del Cam\u00ed de l\u2019Aigua, acompanyats per la m\u00fasica de la dol\u00e7aina i el tabal i d&#8217;un guia tur\u00edstic.<\/p>\n\n\n\n<p>Aquests fons Next Generation EU han arribat a trav\u00e9s del Ministeri de Transports i Mobilitat Sostenible dins del Pla de Recuperaci\u00f3, Transformaci\u00f3 i Resili\u00e8ncia del Govern d&#8217;Espanya. L&#8217;any passat ja es va escometre la primera fase de l&#8217;actuaci\u00f3, que va rehabilitar els carrers Regiment Tetuan i Benissahat i la pla\u00e7a de la Mare de D\u00e9u dels Desemparats, connectant aix\u00ed la pla\u00e7a del Centre amb la pla\u00e7a de l&#8217;Assumpci\u00f3.<br><\/p>\n","protected":false},"excerpt":{"rendered":"<p>Les obres han estat finan\u00e7ades per la Uni\u00f3 Europea i han creat una zona de baixes emissions, m\u00e9s amable i accessible L&#8217;Ajuntament de la Vall d\u2019Uix\u00f3 ha signat avui la recepci\u00f3 de les obres de la segona fase del Cam\u00ed de l\u2019Aigua, una actuaci\u00f3 que ha rehabilitat m\u00e9s de 2.000 m\u00b2 al barri del Roser, &#8230; <a title=\"L&#8217;Ajuntament de la Vall d&#8217;Uix\u00f3 finalitza les obres del Cam\u00ed de l&#8217;Aigua al Roser\" class=\"read-more\" href=\"https:\/\/elcafedepipa.com\/index.php\/2025\/06\/12\/lajuntament-de-la-vall-duixo-finalitza-les-obres-del-cami-de-laigua-al-roser\/\" aria-label=\"M\u00e9s informaci\u00f3 sobre L&#8217;Ajuntament de la Vall d&#8217;Uix\u00f3 finalitza les obres del Cam\u00ed de l&#8217;Aigua al Roser\">Read more<\/a><\/p>\n","protected":false},"author":2,"featured_media":14791,"comment_status":"closed","ping_status":"closed","sticky":false,"template":"","format":"standard","meta":{"om_disable_all_campaigns":false,"_monsterinsights_skip_tracking":false,"_monsterinsights_sitenote_active":false,"_monsterinsights_sitenote_note":"","_monsterinsights_sitenote_category":0,"_uf_show_specific_survey":0,"_uf_disable_surveys":false,"footnotes":""},"categories":[1],"tags":[],"class_list":["post-14790","post","type-post","status-publish","format-standard","has-post-thumbnail","hentry","category-non-classe"],"_links":{"self":[{"href":"https:\/\/elcafedepipa.com\/index.php\/wp-json\/wp\/v2\/posts\/14790","targetHints":{"allow":["GET"]}}],"collection":[{"href":"https:\/\/elcafedepipa.com\/index.php\/wp-json\/wp\/v2\/posts"}],"about":[{"href":"https:\/\/elcafedepipa.com\/index.php\/wp-json\/wp\/v2\/types\/post"}],"author":[{"embeddable":true,"href":"https:\/\/elcafedepipa.com\/index.php\/wp-json\/wp\/v2\/users\/2"}],"replies":[{"embeddable":true,"href":"https:\/\/elcafedepipa.com\/index.php\/wp-json\/wp\/v2\/comments?post=14790"}],"version-history":[{"count":1,"href":"https:\/\/elcafedepipa.com\/index.php\/wp-json\/wp\/v2\/posts\/14790\/revisions"}],"predecessor-version":[{"id":14792,"href":"https:\/\/elcafedepipa.com\/index.php\/wp-json\/wp\/v2\/posts\/14790\/revisions\/14792"}],"wp:featuredmedia":[{"embeddable":true,"href":"https:\/\/elcafedepipa.com\/index.php\/wp-json\/wp\/v2\/media\/14791"}],"wp:attachment":[{"href":"https:\/\/elcafedepipa.com\/index.php\/wp-json\/wp\/v2\/media?parent=14790"}],"wp:term":[{"taxonomy":"category","embeddable":true,"href":"https:\/\/elcafedepipa.com\/index.php\/wp-json\/wp\/v2\/categories?post=14790"},{"taxonomy":"post_tag","embeddable":true,"href":"https:\/\/elcafedepipa.com\/index.php\/wp-json\/wp\/v2\/tags?post=14790"}],"curies":[{"name":"wp","href":"https:\/\/api.w.org\/{rel}","templated":true}]}}