{"id":14784,"date":"2025-06-11T14:40:56","date_gmt":"2025-06-11T12:40:56","guid":{"rendered":"https:\/\/elcafedepipa.com\/?p=14784"},"modified":"2025-06-11T14:40:56","modified_gmt":"2025-06-11T12:40:56","slug":"marta-barrachina-enaltix-lexit-aconseguit-en-el-congres-que-protegix-els-poblats-maritims-enfront-dels-qui-voten-en-contra-de-castello","status":"publish","type":"post","link":"https:\/\/elcafedepipa.com\/index.php\/2025\/06\/11\/marta-barrachina-enaltix-lexit-aconseguit-en-el-congres-que-protegix-els-poblats-maritims-enfront-dels-qui-voten-en-contra-de-castello\/","title":{"rendered":"Marta Barrachina enaltix l&#8217;\u00e8xit aconseguit en el Congr\u00e9s que protegix els poblats mar\u00edtims \u201cenfront dels qui voten en contra de Castell\u00f3\u201d"},"content":{"rendered":"\n<p><strong> <\/strong>La presidenta de la Diputaci\u00f3 de Castell\u00f3, Marta Barrachina, ha enaltit el \u201c\u00e8xit\u201d aconseguit ahir per Castell\u00f3 en el Congr\u00e9s dels Diputats per a protegir els poblats mar\u00edtims tradicionals de la costa a proposta d&#8217;una Proposici\u00f3 de Llei (PL) presentada pel Grup Parlamentari Popular el passat 10 d&#8217;abril. \u201c\u00c9s la for\u00e7a dels ve\u00efns d&#8217;esta prov\u00edncia la que ha aconseguit este acord hist\u00f2ric\u201d, ha expressat.<\/p>\n\n\n\n<p>\u201cGana la prov\u00edncia, guanyen els castellonencs i gana la nostra cultura. Fem un pas decisiu en la protecci\u00f3 d&#8217;estos immobles tradicionals que desitgem blindar perqu\u00e8 s\u00f3n part de la nostra hist\u00f2ria. Demolir-los, reduir-los a ru\u00efnes, seria un atemptat contra la nostra cultura que no permetrem\u201d, ha manifestat la presidenta de la Diputaci\u00f3 de Castell\u00f3.<\/p>\n\n\n\n<p>La PL prospera amb 189 vots a favor, els que lidera el PP amb els seus 137 diputats, enfront dels 155 vots \u201cen contra de la nostra terra\u201d que abanderen PSOE, Podemos i Comprom\u00eds. Una imatge \u201cque val m\u00e9s que mil paraules\u201d, assenyala la presidenta de la Diputaci\u00f3, i que constata \u201cel comprom\u00eds dels qui al capdavant de les institucions treballem amb el deure de complir all\u00f2 a qu\u00e8 ens comprometem. Perqu\u00e8 el que diem, ho fem\u201d.<\/p>\n\n\n\n<p>En este sentit, la presidenta de la Diputaci\u00f3 de Castell\u00f3 demana \u201cresponsabilitat\u201d als partits que formen part de l&#8217;arc parlamentari. \u201cO s&#8217;est\u00e0 a favor de la nostra prov\u00edncia o s&#8217;est\u00e0 en contra. Nosaltres, des de la Diputaci\u00f3 de Castell\u00f3, continuarem sent bandera dels afectats, la veu dels seus drets i el comprom\u00eds amb la protecci\u00f3 d&#8217;estes vivendes singulars\u201d.<\/p>\n\n\n\n<p><strong>L&#8217;acord, a la Mesa del Congr\u00e9s<\/strong><\/p>\n\n\n\n<p>Despr\u00e9s de l&#8217;acord aconseguit ahir en el Congr\u00e9s, la presidenta de la Diputaci\u00f3 de Castell\u00f3, Marta Barrachina, demana als partits que van votar en contra de Castell\u00f3 \u201cestar a l&#8217;altura de la nostra prov\u00edncia\u201d per a no bloquejar en la Mesa del Congr\u00e9s la tramitaci\u00f3 de la posada en consideraci\u00f3 d&#8217;esta PL.<\/p>\n\n\n\n<p>La dirigent provincial recorda que una altra iniciativa, aprovada al Senat el 12 de mar\u00e7 de 2024, tamb\u00e9 a proposta del GPP, est\u00e0 paralitzada des de fa m\u00e9s d&#8217;un any en la Mesa del Congr\u00e9s amb 47 pr\u00f2rrogues per a presentar esmenes. \u201cNo volem que s&#8217;exercisca un nou bloqueig a esta iniciativa. Volem que prospere la voluntat del Congr\u00e9s com en el seu moment va ser la del Senat. S\u00f3n les dos cambres de m\u00e0xima representaci\u00f3 popular les que estan demanant al Govern d&#8217;Espanya que modifique la Llei 22\/1988, de 28 de juliol, de costes, perqu\u00e8 per fi Castell\u00f3, i Espanya sencera, blinden per al futur el passat hist\u00f2ric de les nostres platges, el nostre patrimoni mar\u00edtim. Que no desapareixer\u00e0\u201d, ha concl\u00f2s Marta Barrachina.<\/p>\n","protected":false},"excerpt":{"rendered":"<p>La presidenta de la Diputaci\u00f3 de Castell\u00f3, Marta Barrachina, ha enaltit el \u201c\u00e8xit\u201d aconseguit ahir per Castell\u00f3 en el Congr\u00e9s dels Diputats per a protegir els poblats mar\u00edtims tradicionals de la costa a proposta d&#8217;una Proposici\u00f3 de Llei (PL) presentada pel Grup Parlamentari Popular el passat 10 d&#8217;abril. \u201c\u00c9s la for\u00e7a dels ve\u00efns d&#8217;esta prov\u00edncia &#8230; <a title=\"Marta Barrachina enaltix l&#8217;\u00e8xit aconseguit en el Congr\u00e9s que protegix els poblats mar\u00edtims \u201cenfront dels qui voten en contra de Castell\u00f3\u201d\" class=\"read-more\" href=\"https:\/\/elcafedepipa.com\/index.php\/2025\/06\/11\/marta-barrachina-enaltix-lexit-aconseguit-en-el-congres-que-protegix-els-poblats-maritims-enfront-dels-qui-voten-en-contra-de-castello\/\" aria-label=\"M\u00e9s informaci\u00f3 sobre Marta Barrachina enaltix l&#8217;\u00e8xit aconseguit en el Congr\u00e9s que protegix els poblats mar\u00edtims \u201cenfront dels qui voten en contra de Castell\u00f3\u201d\">Read more<\/a><\/p>\n","protected":false},"author":2,"featured_media":14785,"comment_status":"closed","ping_status":"closed","sticky":false,"template":"","format":"standard","meta":{"om_disable_all_campaigns":false,"_monsterinsights_skip_tracking":false,"_monsterinsights_sitenote_active":false,"_monsterinsights_sitenote_note":"","_monsterinsights_sitenote_category":0,"_uf_show_specific_survey":0,"_uf_disable_surveys":false,"footnotes":""},"categories":[10],"tags":[],"class_list":["post-14784","post","type-post","status-publish","format-standard","has-post-thumbnail","hentry","category-provinciadecastello"],"_links":{"self":[{"href":"https:\/\/elcafedepipa.com\/index.php\/wp-json\/wp\/v2\/posts\/14784","targetHints":{"allow":["GET"]}}],"collection":[{"href":"https:\/\/elcafedepipa.com\/index.php\/wp-json\/wp\/v2\/posts"}],"about":[{"href":"https:\/\/elcafedepipa.com\/index.php\/wp-json\/wp\/v2\/types\/post"}],"author":[{"embeddable":true,"href":"https:\/\/elcafedepipa.com\/index.php\/wp-json\/wp\/v2\/users\/2"}],"replies":[{"embeddable":true,"href":"https:\/\/elcafedepipa.com\/index.php\/wp-json\/wp\/v2\/comments?post=14784"}],"version-history":[{"count":0,"href":"https:\/\/elcafedepipa.com\/index.php\/wp-json\/wp\/v2\/posts\/14784\/revisions"}],"wp:featuredmedia":[{"embeddable":true,"href":"https:\/\/elcafedepipa.com\/index.php\/wp-json\/wp\/v2\/media\/14785"}],"wp:attachment":[{"href":"https:\/\/elcafedepipa.com\/index.php\/wp-json\/wp\/v2\/media?parent=14784"}],"wp:term":[{"taxonomy":"category","embeddable":true,"href":"https:\/\/elcafedepipa.com\/index.php\/wp-json\/wp\/v2\/categories?post=14784"},{"taxonomy":"post_tag","embeddable":true,"href":"https:\/\/elcafedepipa.com\/index.php\/wp-json\/wp\/v2\/tags?post=14784"}],"curies":[{"name":"wp","href":"https:\/\/api.w.org\/{rel}","templated":true}]}}