{"id":14781,"date":"2025-06-11T14:37:59","date_gmt":"2025-06-11T12:37:59","guid":{"rendered":"https:\/\/elcafedepipa.com\/?p=14781"},"modified":"2025-06-11T14:38:00","modified_gmt":"2025-06-11T12:38:00","slug":"nules-trau-a-licitacio-el-servei-de-neteja-viaria","status":"publish","type":"post","link":"https:\/\/elcafedepipa.com\/index.php\/2025\/06\/11\/nules-trau-a-licitacio-el-servei-de-neteja-viaria\/","title":{"rendered":"Nules trau a licitaci\u00f3 el servei de Neteja vi\u00e0ria"},"content":{"rendered":"\n<p><strong>Es poden presentar propostes fins el pr\u00f2xim 14 de juliol<\/strong><\/p>\n\n\n\n<p>Nules ha tret la licitaci\u00f3 del servei de neteja vi\u00e0ria per als pr\u00f2xims tres anys, davant el venciment&nbsp; del contracte de l\u2019empresa adjudicat\u00e0ria Vareser, que ha prestat aquest servei els darrers quatre anys. &nbsp;<\/p>\n\n\n\n<p>Aix\u00ed, el servei de neteja dels carrers i espais p\u00fablics tant del municipi de Nules com de Mascarell i de la zona mar\u00edtima es licita per un import total d\u20191.137.270,00 euros. &nbsp;<\/p>\n\n\n\n<p>De manera que, les empreses interessades a presentar propostes ho poden fer a trav\u00e9s de la Plataforma de Contractaci\u00f3 de l\u2019Estat fins al pr\u00f2xim dilluns 14 de juliol.<\/p>\n\n\n\n<p>Cal destacar que, aquest servei inclou la neteja general de vials p\u00fablics; el servei d\u2019eliminaci\u00f3 de residus especials com ara herbes i vegetaci\u00f3, taques i residus adhesius, o pintades i cartells no autoritzats; manteniment i baldeig; buidat de papereres; neteja d\u2019emerg\u00e8ncies; manteniment de mobiliari urb\u00e0; o l\u2019atenci\u00f3 a esdeveniments i actes festius.<\/p>\n\n\n\n<p>Des de la regidoria de Medi Ambient s\u2019assenyala, al respecte, que \u201camb aquest nou contracte tenim per davant reptes importants enfocats a millorar aquest servei tan important per a la poblaci\u00f3\u201d, apunta C\u00e9sar Esta\u00f1ol.<\/p>\n\n\n\n<p><\/p>\n","protected":false},"excerpt":{"rendered":"<p>Es poden presentar propostes fins el pr\u00f2xim 14 de juliol Nules ha tret la licitaci\u00f3 del servei de neteja vi\u00e0ria per als pr\u00f2xims tres anys, davant el venciment&nbsp; del contracte de l\u2019empresa adjudicat\u00e0ria Vareser, que ha prestat aquest servei els darrers quatre anys. &nbsp; Aix\u00ed, el servei de neteja dels carrers i espais p\u00fablics tant &#8230; <a title=\"Nules trau a licitaci\u00f3 el servei de Neteja vi\u00e0ria\" class=\"read-more\" href=\"https:\/\/elcafedepipa.com\/index.php\/2025\/06\/11\/nules-trau-a-licitacio-el-servei-de-neteja-viaria\/\" aria-label=\"M\u00e9s informaci\u00f3 sobre Nules trau a licitaci\u00f3 el servei de Neteja vi\u00e0ria\">Read more<\/a><\/p>\n","protected":false},"author":2,"featured_media":14782,"comment_status":"closed","ping_status":"closed","sticky":false,"template":"","format":"standard","meta":{"om_disable_all_campaigns":false,"_monsterinsights_skip_tracking":false,"_monsterinsights_sitenote_active":false,"_monsterinsights_sitenote_note":"","_monsterinsights_sitenote_category":0,"_uf_show_specific_survey":0,"_uf_disable_surveys":false,"footnotes":""},"categories":[3],"tags":[],"class_list":["post-14781","post","type-post","status-publish","format-standard","has-post-thumbnail","hentry","category-nules"],"_links":{"self":[{"href":"https:\/\/elcafedepipa.com\/index.php\/wp-json\/wp\/v2\/posts\/14781","targetHints":{"allow":["GET"]}}],"collection":[{"href":"https:\/\/elcafedepipa.com\/index.php\/wp-json\/wp\/v2\/posts"}],"about":[{"href":"https:\/\/elcafedepipa.com\/index.php\/wp-json\/wp\/v2\/types\/post"}],"author":[{"embeddable":true,"href":"https:\/\/elcafedepipa.com\/index.php\/wp-json\/wp\/v2\/users\/2"}],"replies":[{"embeddable":true,"href":"https:\/\/elcafedepipa.com\/index.php\/wp-json\/wp\/v2\/comments?post=14781"}],"version-history":[{"count":0,"href":"https:\/\/elcafedepipa.com\/index.php\/wp-json\/wp\/v2\/posts\/14781\/revisions"}],"wp:featuredmedia":[{"embeddable":true,"href":"https:\/\/elcafedepipa.com\/index.php\/wp-json\/wp\/v2\/media\/14782"}],"wp:attachment":[{"href":"https:\/\/elcafedepipa.com\/index.php\/wp-json\/wp\/v2\/media?parent=14781"}],"wp:term":[{"taxonomy":"category","embeddable":true,"href":"https:\/\/elcafedepipa.com\/index.php\/wp-json\/wp\/v2\/categories?post=14781"},{"taxonomy":"post_tag","embeddable":true,"href":"https:\/\/elcafedepipa.com\/index.php\/wp-json\/wp\/v2\/tags?post=14781"}],"curies":[{"name":"wp","href":"https:\/\/api.w.org\/{rel}","templated":true}]}}