{"id":14760,"date":"2025-06-11T13:22:30","date_gmt":"2025-06-11T11:22:30","guid":{"rendered":"https:\/\/elcafedepipa.com\/?p=14760"},"modified":"2025-06-11T13:22:31","modified_gmt":"2025-06-11T11:22:31","slug":"lavant-fest-anuncia-la-seua-programacio-completa-i-reforca-la-seua-aposta-com-a-festival-familiar","status":"publish","type":"post","link":"https:\/\/elcafedepipa.com\/index.php\/2025\/06\/11\/lavant-fest-anuncia-la-seua-programacio-completa-i-reforca-la-seua-aposta-com-a-festival-familiar\/","title":{"rendered":"L\u2019avant fest anuncia la seua programaci\u00f3 completa i refor\u00e7a la seua aposta com a festival familiar"},"content":{"rendered":"\n<p>La primera edici\u00f3 de l\u2019avant fest arriba el pr\u00f2xim 28 de juny a Castell\u00f3 de la Plana amb els concerts de la Ra\u00edz, el Drogas, suu i b\u00e8rnia, a m\u00e9s de tallers, zona gastron\u00f2mica, p\u00f2dcasts en directe i espais pensats per a fam\u00edlies.<\/p>\n\n\n\n<p>L\u2019avant fest ha donat a con\u00e9ixer el cartell i la programaci\u00f3 completa de la seua primera edici\u00f3, que tindr\u00e0 lloc el dissabte 28 de juny al recinte firal de Castell\u00f3 de la Plana. L\u2019esdeveniment naix amb l\u2019objectiu d\u2019oferir una proposta cultural pensada per a tots els p\u00fablics, amb especial atenci\u00f3 a les fam\u00edlies.<\/p>\n\n\n\n<p>La jornada comen\u00e7ar\u00e0 al mat\u00ed amb activitats gratu\u00eftes dirigides al p\u00fablic infantil: jocs, tallers, contacontes, presentacions dels llibres <em>i, malgrat tot, palestina<\/em> i <em>el vol de Guillem<\/em>, i el concert del grup b\u00e8rnia, que obrir\u00e0 el cartell musical. Totes les activitats matinals estaran coordinades per Escola Valenciana i seran d\u2019acc\u00e9s lliure, sense necessitat d\u2019entrada.<\/p>\n\n\n\n<p>A partir de les 18:00 h, el festival passar\u00e0 al seu bloc principal amb la gravaci\u00f3 en directe del p\u00f2dcast <em>xusma deluxe<\/em> i els concerts de suu, el Drogas i la Ra\u00edz, amb actuacions adaptades a un entorn familiar. El recinte comptar\u00e0 amb una zona reservada per a fam\u00edlies, amb visibilitat de l\u2019escenari, espai de descans i accessos adaptats. A m\u00e9s, l\u2019organitzaci\u00f3 ha previst una zona de signatures i fotos amb els artistes, pensada per a acostar l\u2019experi\u00e8ncia musical a l\u2019entorn familiar.<\/p>\n\n\n\n<p>Les entrades per a adults estan disponibles a enterticket.es, i els menors de 12 anys podran accedir-hi de manera gratu\u00efta amb una entrada nominativa que poden aconseguir en la mateixa p\u00e0gina de la ticketera.<\/p>\n\n\n\n<p>El dia acabar\u00e0 amb l\u2019<em>afterparty<\/em> oficial a la Bohemia Culture Club, amb m\u00e9s m\u00fasica i una sessi\u00f3 oferida per DJ Keyzz.<\/p>\n\n\n\n<p>Amb aquesta primera edici\u00f3, l\u2019avant fest consolida la seua identitat com un espai cultural de proximitat, pensat per a cr\u00e9ixer en comunitat. Una proposta que transcendeix el format musical i que busca convertir-se en referent en l\u2019impuls d\u2019una cultura viva, compartida i en valenci\u00e0.<\/p>\n\n\n\n<p><\/p>\n","protected":false},"excerpt":{"rendered":"<p>La primera edici\u00f3 de l\u2019avant fest arriba el pr\u00f2xim 28 de juny a Castell\u00f3 de la Plana amb els concerts de la Ra\u00edz, el Drogas, suu i b\u00e8rnia, a m\u00e9s de tallers, zona gastron\u00f2mica, p\u00f2dcasts en directe i espais pensats per a fam\u00edlies. L\u2019avant fest ha donat a con\u00e9ixer el cartell i la programaci\u00f3 completa &#8230; <a title=\"L\u2019avant fest anuncia la seua programaci\u00f3 completa i refor\u00e7a la seua aposta com a festival familiar\" class=\"read-more\" href=\"https:\/\/elcafedepipa.com\/index.php\/2025\/06\/11\/lavant-fest-anuncia-la-seua-programacio-completa-i-reforca-la-seua-aposta-com-a-festival-familiar\/\" aria-label=\"M\u00e9s informaci\u00f3 sobre L\u2019avant fest anuncia la seua programaci\u00f3 completa i refor\u00e7a la seua aposta com a festival familiar\">Read more<\/a><\/p>\n","protected":false},"author":2,"featured_media":14762,"comment_status":"closed","ping_status":"closed","sticky":false,"template":"","format":"standard","meta":{"om_disable_all_campaigns":false,"_monsterinsights_skip_tracking":false,"_monsterinsights_sitenote_active":false,"_monsterinsights_sitenote_note":"","_monsterinsights_sitenote_category":0,"_uf_show_specific_survey":0,"_uf_disable_surveys":false,"footnotes":""},"categories":[10],"tags":[],"class_list":["post-14760","post","type-post","status-publish","format-standard","has-post-thumbnail","hentry","category-provinciadecastello"],"_links":{"self":[{"href":"https:\/\/elcafedepipa.com\/index.php\/wp-json\/wp\/v2\/posts\/14760","targetHints":{"allow":["GET"]}}],"collection":[{"href":"https:\/\/elcafedepipa.com\/index.php\/wp-json\/wp\/v2\/posts"}],"about":[{"href":"https:\/\/elcafedepipa.com\/index.php\/wp-json\/wp\/v2\/types\/post"}],"author":[{"embeddable":true,"href":"https:\/\/elcafedepipa.com\/index.php\/wp-json\/wp\/v2\/users\/2"}],"replies":[{"embeddable":true,"href":"https:\/\/elcafedepipa.com\/index.php\/wp-json\/wp\/v2\/comments?post=14760"}],"version-history":[{"count":0,"href":"https:\/\/elcafedepipa.com\/index.php\/wp-json\/wp\/v2\/posts\/14760\/revisions"}],"wp:featuredmedia":[{"embeddable":true,"href":"https:\/\/elcafedepipa.com\/index.php\/wp-json\/wp\/v2\/media\/14762"}],"wp:attachment":[{"href":"https:\/\/elcafedepipa.com\/index.php\/wp-json\/wp\/v2\/media?parent=14760"}],"wp:term":[{"taxonomy":"category","embeddable":true,"href":"https:\/\/elcafedepipa.com\/index.php\/wp-json\/wp\/v2\/categories?post=14760"},{"taxonomy":"post_tag","embeddable":true,"href":"https:\/\/elcafedepipa.com\/index.php\/wp-json\/wp\/v2\/tags?post=14760"}],"curies":[{"name":"wp","href":"https:\/\/api.w.org\/{rel}","templated":true}]}}