{"id":14757,"date":"2025-06-11T13:17:52","date_gmt":"2025-06-11T11:17:52","guid":{"rendered":"https:\/\/elcafedepipa.com\/?p=14757"},"modified":"2025-06-11T13:17:53","modified_gmt":"2025-06-11T11:17:53","slug":"la-unio-denuncia-en-una-protesta-a-madrid-lenfonsament-del-40-en-els-preus-dels-cereals","status":"publish","type":"post","link":"https:\/\/elcafedepipa.com\/index.php\/2025\/06\/11\/la-unio-denuncia-en-una-protesta-a-madrid-lenfonsament-del-40-en-els-preus-dels-cereals\/","title":{"rendered":"LA UNI\u00d3 denuncia en una protesta a Madrid l&#8217;enfonsament del 40% en els preus dels cereals"},"content":{"rendered":"\n<p>Productors de cereals de La Uni\u00f3 Llauradora han denunciat, en el marc d&#8217;una concentraci\u00f3 celebrada aquest dimarts 10 de juny enfront de l&#8217;edifici de la representaci\u00f3 de la Comissi\u00f3 Europea a Madrid, la dif\u00edcil situaci\u00f3 en la qual es troben i han demanat un monitoratge estricte de les importacions de cereals d&#8217;Ucra\u00efna ara que s&#8217;ha tornat, a priori, a les condicions inicials. Despr\u00e9s de diverses campanyes sense tot just collita per la sequera, la bona producci\u00f3 de l&#8217;actual s&#8217;ha entelat amb l&#8217;enfonsament de les cotitzacions.<\/p>\n\n\n\n<p>Enfront de l&#8217;edifici de la Comissi\u00f3 Europea, els productors valencians de cereals al costat dels seus hom\u00f2legs d&#8217;altres comunitats aut\u00f2nomes de la Uni\u00f3 d&#8217;Unions, han repartit centenars de barres de pa, i han manifestat la seua profunda preocupaci\u00f3 davant un enfonsament dels preus del cereal de m\u00e9s del 40% respecte a fa tres anys, una caiguda abrupta agreujada des de l&#8217;inici de la guerra a Ucra\u00efna.<\/p>\n\n\n\n<p>Al mateix temps, l&#8217;organitzaci\u00f3 ha assenyalat que els costos de producci\u00f3 no han deixat d&#8217;incrementar-se: en particular, els fertilitzants nitrogenats s&#8217;han encarit al voltant d&#8217;un 40% en tot just mig any. Aquesta combinaci\u00f3 \u2013 preus en origen pels s\u00f2ls i costos a l&#8217;al\u00e7a \u2013 est\u00e0 portant al l\u00edmit la viabilitat de milers d&#8217;explotacions cerealistes, abocades a produir molt per davall de costos. En la mateixa l\u00ednia ha destacat que, malgrat la baixada de preus en el camp aquest no s&#8217;ha tradu\u00eft en un abaratiment similar per als consumidors -el preu del pa ha pujat entorn del 19% en eixe per\u00edode-, la qual cosa evidencia un desequilibri en la cadena aliment\u00e0ria que perjudica especialment el productor.<\/p>\n\n\n\n<p>Entre les causes principals d&#8217;aquesta crisi, LA UNI\u00d3 identifica l&#8217;entrada massiva de cereals procedents d&#8217;Ucra\u00efna, facilitada pel r\u00e8gim temporal de desarmament aranzelari que la UE va concedir com a suport a K\u00edev. Espanya, sent estructuralment deficit\u00e0ria en cereal, ha passat d&#8217;importar uns 3 milions de tones anuals de dacsa, blat i ordi des d&#8217;Ucra\u00efna a m\u00e9s de 10 milions en 2024 gr\u00e0cies a l&#8217;eliminaci\u00f3 d&#8217;aranzels acordada per la UE. Aquesta aflu\u00e8ncia extraordin\u00e0ria de gra ha contribu\u00eft a saturar el nostre mercat, exercint una forta pressi\u00f3 a la baixa sobre els preus en origen. \u201cL&#8217;altre dia Planas va dir que Ucra\u00efna no era qualsevol pa\u00eds. Compartim que cal ajudar-lo, per\u00f2 s&#8217;ha de veure de quina manera per a evitar que, per ajudar-los, estiguem condemnant a milers de cerealistes a la fallida\u201d, comenta l&#8217;organitzaci\u00f3.<\/p>\n\n\n\n<p>A pesar que el r\u00e8gim temporal de liberalitzaci\u00f3 comercial ha concl\u00f2s oficialment el 5 de juny de 2025 amb la publicaci\u00f3 del Reglament (UE) 2025\/1132, tornant a les condicions normals de l&#8217;Acord d&#8217;Associaci\u00f3 UE-Ucra\u00efna, l&#8217;organitzaci\u00f3 agr\u00e0ria insisteix que resulta imperatiu garantir que la reintroducci\u00f3 d&#8217;aranzels i contingents no arribe tard per als nostres productors, i que es vigile de prop l&#8217;evoluci\u00f3 de les importacions a fi d&#8217;evitar distorsions persistents en els mercats locals.<\/p>\n\n\n\n<p>Aix\u00ed mateix, LA UNI\u00d3 assenyala que els inputs essencials estan agreujant el desequilibri econ\u00f2mic del cereal. En particular, els fertilitzants nitrogenats \u2013 input clau l&#8217;oferta del qual a la UE dep\u00e9n en bona part de pa\u00efsos tercers \u2013 han patit pujades vertiginoses de preu. En aquest sentit, Europa enfronta una escassetat relativa despr\u00e9s de la reducci\u00f3 de les importacions des de R\u00fassia i Bielor\u00fassia (prove\u00efdors tradicionals d&#8217;al voltant del 25% dels fertilitzants que adquireix la UE) a causa de les sancions i noves barreres comercials. Recentment, la UE ha aprovat imposar aranzels addicionals del 6,5% (amb augments progressius fins a nivells prohibitius) als abonaments nitrogenats d&#8217;origen rus i bielor\u00fas, una mesura geopol\u00edtica comprensible en la seua motivaci\u00f3 per\u00f2 que est\u00e0 encarint encara m\u00e9s els costos de producci\u00f3 agraris. LA UNI\u00d3 demana que s&#8217;eliminen els aranzels als fertilitzants provinents de pa\u00efsos exportadors alternatius, per a compensar la restricci\u00f3 del subministrament rus\/bielor\u00fas. At\u00e9s que l&#8217;oferta de fertilitzants a Europa s&#8217;ha vist limitada per les sancions a R\u00fassia, resulta contraproduent mantindre altres traves comercials que encareixen els abonaments.<\/p>\n\n\n\n<p>L&#8217;organitzaci\u00f3 proposa suprimir temporalment els aranzels duaners i drets antid\u00famping que pesen sobre fertilitzants d&#8217;altres or\u00edgens clau (per exemple, dels Estats Units o Trinitat i Tobago, que actualment afronten drets compensatoris). Aquesta obertura permetria diversificar les nostres fonts d&#8217;aprovisionament de fertilitzants i alleujar la pressi\u00f3 alcista sobre els costos dels inputs agraris. LA UNI\u00d3 ha registrat una carta dirigida al comissari Christophe Hansen on ha tractat aquests i altres temes i ha arreplegat les seues propostes per a pal\u00b7liar aquesta situaci\u00f3 i trobar una soluci\u00f3 que puga ser un equilibri.<\/p>\n","protected":false},"excerpt":{"rendered":"<p>Productors de cereals de La Uni\u00f3 Llauradora han denunciat, en el marc d&#8217;una concentraci\u00f3 celebrada aquest dimarts 10 de juny enfront de l&#8217;edifici de la representaci\u00f3 de la Comissi\u00f3 Europea a Madrid, la dif\u00edcil situaci\u00f3 en la qual es troben i han demanat un monitoratge estricte de les importacions de cereals d&#8217;Ucra\u00efna ara que s&#8217;ha &#8230; <a title=\"LA UNI\u00d3 denuncia en una protesta a Madrid l&#8217;enfonsament del 40% en els preus dels cereals\" class=\"read-more\" href=\"https:\/\/elcafedepipa.com\/index.php\/2025\/06\/11\/la-unio-denuncia-en-una-protesta-a-madrid-lenfonsament-del-40-en-els-preus-dels-cereals\/\" aria-label=\"M\u00e9s informaci\u00f3 sobre LA UNI\u00d3 denuncia en una protesta a Madrid l&#8217;enfonsament del 40% en els preus dels cereals\">Read more<\/a><\/p>\n","protected":false},"author":2,"featured_media":14758,"comment_status":"closed","ping_status":"closed","sticky":false,"template":"","format":"standard","meta":{"om_disable_all_campaigns":false,"_monsterinsights_skip_tracking":false,"_monsterinsights_sitenote_active":false,"_monsterinsights_sitenote_note":"","_monsterinsights_sitenote_category":0,"_uf_show_specific_survey":0,"_uf_disable_surveys":false,"footnotes":""},"categories":[10],"tags":[],"class_list":["post-14757","post","type-post","status-publish","format-standard","has-post-thumbnail","hentry","category-provinciadecastello"],"_links":{"self":[{"href":"https:\/\/elcafedepipa.com\/index.php\/wp-json\/wp\/v2\/posts\/14757","targetHints":{"allow":["GET"]}}],"collection":[{"href":"https:\/\/elcafedepipa.com\/index.php\/wp-json\/wp\/v2\/posts"}],"about":[{"href":"https:\/\/elcafedepipa.com\/index.php\/wp-json\/wp\/v2\/types\/post"}],"author":[{"embeddable":true,"href":"https:\/\/elcafedepipa.com\/index.php\/wp-json\/wp\/v2\/users\/2"}],"replies":[{"embeddable":true,"href":"https:\/\/elcafedepipa.com\/index.php\/wp-json\/wp\/v2\/comments?post=14757"}],"version-history":[{"count":0,"href":"https:\/\/elcafedepipa.com\/index.php\/wp-json\/wp\/v2\/posts\/14757\/revisions"}],"wp:featuredmedia":[{"embeddable":true,"href":"https:\/\/elcafedepipa.com\/index.php\/wp-json\/wp\/v2\/media\/14758"}],"wp:attachment":[{"href":"https:\/\/elcafedepipa.com\/index.php\/wp-json\/wp\/v2\/media?parent=14757"}],"wp:term":[{"taxonomy":"category","embeddable":true,"href":"https:\/\/elcafedepipa.com\/index.php\/wp-json\/wp\/v2\/categories?post=14757"},{"taxonomy":"post_tag","embeddable":true,"href":"https:\/\/elcafedepipa.com\/index.php\/wp-json\/wp\/v2\/tags?post=14757"}],"curies":[{"name":"wp","href":"https:\/\/api.w.org\/{rel}","templated":true}]}}