{"id":14754,"date":"2025-06-11T13:15:10","date_gmt":"2025-06-11T11:15:10","guid":{"rendered":"https:\/\/elcafedepipa.com\/?p=14754"},"modified":"2025-06-11T13:15:11","modified_gmt":"2025-06-11T11:15:11","slug":"la-pedalada-stars-reune-a-mas-de-400-escolares-en-la-clausura-de-los-talleres-de-educacion-vial","status":"publish","type":"post","link":"https:\/\/elcafedepipa.com\/index.php\/2025\/06\/11\/la-pedalada-stars-reune-a-mas-de-400-escolares-en-la-clausura-de-los-talleres-de-educacion-vial\/","title":{"rendered":"la pedalada stars re\u00fane a m\u00e1s de 400 escolares en la clausura de los talleres de educaci\u00f3n vial"},"content":{"rendered":"\n<p>m\u00e1s de 400 escolares han participado en la pedalada stars 2025, que ha clausurado los talleres de educaci\u00f3n vial que se han impartido durante todo el curso en los colegios e ies. el ayuntamiento de la vall d&#8217;uix\u00f3 impulsa este proyecto desde hace ocho a\u00f1os, a trav\u00e9s de las concejal\u00edas de polic\u00eda, movilidad y educaci\u00f3n.<\/p>\n\n\n\n<p>uno de los objetivos principales es que todos los ni\u00f1os y ni\u00f1as acaben la etapa de primaria sabiendo ir en bicicleta, as\u00ed como fomentar los caminos seguros al colegio y la autonom\u00eda personal. cada a\u00f1o, casi 3.000 escolares se forman en educaci\u00f3n viaria, tanto como peatones o usuarios de patines o bicicletas como futuros conductores.<\/p>\n\n\n\n<p>la marcha en bicicleta ha recorrido once colegios de la ciudad, un instituto y las avenidas principales hasta finalizar en la plaza espa\u00f1a, donde han recibido agua y fruta. este proyecto trabaja en pro de una ciudad m\u00e1s saludable, segura, sostenible y menos contaminante.<\/p>\n","protected":false},"excerpt":{"rendered":"<p>m\u00e1s de 400 escolares han participado en la pedalada stars 2025, que ha clausurado los talleres de educaci\u00f3n vial que se han impartido durante todo el curso en los colegios e ies. el ayuntamiento de la vall d&#8217;uix\u00f3 impulsa este proyecto desde hace ocho a\u00f1os, a trav\u00e9s de las concejal\u00edas de polic\u00eda, movilidad y educaci\u00f3n. &#8230; <a title=\"la pedalada stars re\u00fane a m\u00e1s de 400 escolares en la clausura de los talleres de educaci\u00f3n vial\" class=\"read-more\" href=\"https:\/\/elcafedepipa.com\/index.php\/2025\/06\/11\/la-pedalada-stars-reune-a-mas-de-400-escolares-en-la-clausura-de-los-talleres-de-educacion-vial\/\" aria-label=\"M\u00e9s informaci\u00f3 sobre la pedalada stars re\u00fane a m\u00e1s de 400 escolares en la clausura de los talleres de educaci\u00f3n vial\">Read more<\/a><\/p>\n","protected":false},"author":2,"featured_media":14755,"comment_status":"closed","ping_status":"closed","sticky":false,"template":"","format":"standard","meta":{"om_disable_all_campaigns":false,"_monsterinsights_skip_tracking":false,"_monsterinsights_sitenote_active":false,"_monsterinsights_sitenote_note":"","_monsterinsights_sitenote_category":0,"_uf_show_specific_survey":0,"_uf_disable_surveys":false,"footnotes":""},"categories":[2],"tags":[],"class_list":["post-14754","post","type-post","status-publish","format-standard","has-post-thumbnail","hentry","category-lavallduixo"],"_links":{"self":[{"href":"https:\/\/elcafedepipa.com\/index.php\/wp-json\/wp\/v2\/posts\/14754","targetHints":{"allow":["GET"]}}],"collection":[{"href":"https:\/\/elcafedepipa.com\/index.php\/wp-json\/wp\/v2\/posts"}],"about":[{"href":"https:\/\/elcafedepipa.com\/index.php\/wp-json\/wp\/v2\/types\/post"}],"author":[{"embeddable":true,"href":"https:\/\/elcafedepipa.com\/index.php\/wp-json\/wp\/v2\/users\/2"}],"replies":[{"embeddable":true,"href":"https:\/\/elcafedepipa.com\/index.php\/wp-json\/wp\/v2\/comments?post=14754"}],"version-history":[{"count":0,"href":"https:\/\/elcafedepipa.com\/index.php\/wp-json\/wp\/v2\/posts\/14754\/revisions"}],"wp:featuredmedia":[{"embeddable":true,"href":"https:\/\/elcafedepipa.com\/index.php\/wp-json\/wp\/v2\/media\/14755"}],"wp:attachment":[{"href":"https:\/\/elcafedepipa.com\/index.php\/wp-json\/wp\/v2\/media?parent=14754"}],"wp:term":[{"taxonomy":"category","embeddable":true,"href":"https:\/\/elcafedepipa.com\/index.php\/wp-json\/wp\/v2\/categories?post=14754"},{"taxonomy":"post_tag","embeddable":true,"href":"https:\/\/elcafedepipa.com\/index.php\/wp-json\/wp\/v2\/tags?post=14754"}],"curies":[{"name":"wp","href":"https:\/\/api.w.org\/{rel}","templated":true}]}}