{"id":14751,"date":"2025-06-11T12:59:50","date_gmt":"2025-06-11T10:59:50","guid":{"rendered":"https:\/\/elcafedepipa.com\/?p=14751"},"modified":"2025-06-11T12:59:50","modified_gmt":"2025-06-11T10:59:50","slug":"juanfran-perez-despres-de-diana-morant-ve-abalos-o-el-que-es-el-mateix-despres-de-morant-ve-la-corrupcio-del-psoe-a-espanya-i-a-la-comunitat-valenciana","status":"publish","type":"post","link":"https:\/\/elcafedepipa.com\/index.php\/2025\/06\/11\/juanfran-perez-despres-de-diana-morant-ve-abalos-o-el-que-es-el-mateix-despres-de-morant-ve-la-corrupcio-del-psoe-a-espanya-i-a-la-comunitat-valenciana\/","title":{"rendered":"Juanfran P\u00e9rez: &#8220;Despr\u00e9s de Diana Morant ve \u00c1balos, o el que \u00e9s el mateix, despr\u00e9s de Morant ve la corrupci\u00f3 del PSOE a Espanya i a la Comunitat Valenciana&#8221;"},"content":{"rendered":"\n<p>El s\u00edndic del GPP, Juanfran P\u00e9rez, ha denunciat la &#8220;doble vara de mesurar&#8221; del Partit Socialista despr\u00e9s del registre a l\u2019habitatge de l\u2019exministre Jos\u00e9 Luis \u00c1balos, qui continua sent &#8220;el n\u00famero dos del PSOE valenci\u00e0 al Congr\u00e9s dels Diputats&#8221;. En aquest sentit, ha remarcat que despr\u00e9s de Diana Morant &#8220;ve \u00c1balos, o el que \u00e9s el mateix, despr\u00e9s de Diana Morant, ve la corrupci\u00f3 del Partit Socialista a Espanya i a la Comunitat Valenciana&#8221;.<\/p>\n\n\n\n<p>Juanfran P\u00e9rez s\u2019ha mostrat conven\u00e7ut que el PSOE &#8220;haur\u00e0 dit que \u00e9s culpa dels jutges&#8221;, ja que &#8220;quan es jutja qualsevol espanyol que no siga socialista, s\u2019est\u00e0 aplicant la just\u00edcia, i quan s\u2019investiga o es jutja un socialista \u00e9s un atac dels jutges&#8221;.<\/p>\n\n\n\n<p>Sobre la investigaci\u00f3 a \u00c1balos, ha apuntat que &#8220;estem assistint al principi d\u2019un nou esc\u00e0ndol de corrupci\u00f3 al nostre pa\u00eds&#8221;. El s\u00edndic popular ha subratllat que &#8220;sempre he sigut molt cr\u00edtic amb la corrupci\u00f3, tamb\u00e9 quan ha passat al meu partit&#8221;, ja que &#8220;crec que fa un mal irreparable a la pol\u00edtica&#8221;, per aix\u00f2 &#8220;com m\u00e9s prompte es depuren aquestes responsabilitats i sapiguem realment el que ha passat, millor&#8221;.<\/p>\n\n\n\n<p>Juanfran P\u00e9rez ha reclamat al PSOE &#8220;el mateix respecte judicial a qualsevol jutge que investigue qualsevol q\u00fcesti\u00f3: els que investiguen la dona de Pedro S\u00e1nchez, els que investiguen el germ\u00e0 de Pedro S\u00e1nchez, els que investiguen el Fiscal General de l\u2019Estat i tamb\u00e9 els que investiguen el senyor Koldo&#8221;.<\/p>\n\n\n\n<p>D\u2019altra banda, despr\u00e9s de la visita de Feij\u00f3o a Alacant aquest dimarts, el tamb\u00e9 secretari general del PPCV ha garantit la uni\u00f3 del partit al voltant del president del Consell, Carlos Maz\u00f3n, i ha traslladat que \u00e9s totalment normal que el president del Partit Popular felicite &#8220;el dirigent que est\u00e0 al capdavant de l\u2019\u00fanica administraci\u00f3 que est\u00e0 treballant per la recuperaci\u00f3. Com no es va a felicitar el president que \u00e9s capa\u00e7 d\u2019aprovar uns pressupostos i que \u00e9s capa\u00e7 que les ajudes arriben i es paguen als damnificats per la DANA&#8221;.<\/p>\n\n\n\n<p>Per a Juanfran P\u00e9rez &#8220;\u00e9s normal que Feij\u00f3o visite la Comunitat Valenciana, quan \u00e9s la segona comunitat en afiliats de tot Espanya. I que vinga a donar les gr\u00e0cies perqu\u00e8 a la Comunitat Valenciana 13.000 militants han avalat la seua candidatura&#8221;.<\/p>\n\n\n\n<p><strong>&#8220;Hi ha una estrat\u00e8gia del Govern de Pedro S\u00e1nchez i del PSOE d\u2019ofegar econ\u00f2micament la Comunitat Valenciana&#8221;<\/strong><\/p>\n\n\n\n<p>El s\u00edndic del GPP ha denunciat l\u2019&#8221;estrat\u00e8gia del Govern de Pedro S\u00e1nchez i del PSOE d\u2019ofegar econ\u00f2micament la Comunitat Valenciana&#8221;, per tant, &#8220;tot el que diga el Partit Socialista per a mi no t\u00e9 cap tipus de credibilitat llevat de complir les ordres que li mana Pedro S\u00e1nchez&#8221;.<\/p>\n\n\n\n<p>Respecte al problema del finan\u00e7ament ha recordat que &#8220;mentre es resolia, el que es feia fins ara era fer una aportaci\u00f3 amb un FLA extraordinari per poder atendre la despesa ordin\u00e0ria&#8221;. No obstant aix\u00f2, &#8220;ara estem en una situaci\u00f3 en qu\u00e8, a m\u00e9s de fer front a les despeses ordin\u00e0ries que t\u00e9 aquesta comunitat, tenim una necessitat excepcional amb la DANA i no arriba ni el finan\u00e7ament ni l\u2019aportaci\u00f3 que es feia&#8221;.<\/p>\n\n\n\n<p>El s\u00edndic del GPP ha recordat que a la Comunitat Valenciana &#8220;hi havia un acord de sindicats, de tots els partits pol\u00edtics i de la societat civil per a reclamar el finan\u00e7ament, i va ser el PSOE fa un any qui va trencar aquest acord&#8221;. Des d\u2019aleshores, &#8220;no s\u2019ha reunit aquesta plataforma i torne a demanar que es reunisca, i torne a demanar als sindicats, que ara estan callats, que reclamen el finan\u00e7ament d\u2019aquesta comunitat, les aportacions i el fons de nivellaci\u00f3. I si despr\u00e9s ens volen condonar el deute, que tamb\u00e9 ho facen, per\u00f2 el que no val \u00e9s que nom\u00e9s condonen el deute sense solucionar els problemes que t\u00e9 la Comunitat&#8221;.<\/p>\n\n\n\n<p>Sobre Comprom\u00eds, Juanfran P\u00e9rez ha lamentat que &#8220;ells treballen per a Pedro S\u00e1nchez&#8221; i &#8220;no donen suport al que han de donar suport, que s\u00f3n els diners que li corresponen als valencians&#8221;. En aquest sentit, els ha reclamat que &#8220;facin el que toca&#8221;, que \u00e9s &#8220;defensar els interessos dels valencians&#8221;.<\/p>\n\n\n\n<p>Finalment, i respecte a les q\u00fcestions del reglament a Les Corts i la seua possible modificaci\u00f3, Juanfran P\u00e9rez ha remarcat que els pol\u00edtics &#8220;estem per a arribar a acords i no per a estar tots els dies confrontant, com estem. Jo em sent molt m\u00e9s \u00fatil com a pol\u00edtic quan s\u00f3c capa\u00e7 d\u2019arribar a acords&#8221;.<\/p>\n","protected":false},"excerpt":{"rendered":"<p>El s\u00edndic del GPP, Juanfran P\u00e9rez, ha denunciat la &#8220;doble vara de mesurar&#8221; del Partit Socialista despr\u00e9s del registre a l\u2019habitatge de l\u2019exministre Jos\u00e9 Luis \u00c1balos, qui continua sent &#8220;el n\u00famero dos del PSOE valenci\u00e0 al Congr\u00e9s dels Diputats&#8221;. En aquest sentit, ha remarcat que despr\u00e9s de Diana Morant &#8220;ve \u00c1balos, o el que \u00e9s &#8230; <a title=\"Juanfran P\u00e9rez: &#8220;Despr\u00e9s de Diana Morant ve \u00c1balos, o el que \u00e9s el mateix, despr\u00e9s de Morant ve la corrupci\u00f3 del PSOE a Espanya i a la Comunitat Valenciana&#8221;\" class=\"read-more\" href=\"https:\/\/elcafedepipa.com\/index.php\/2025\/06\/11\/juanfran-perez-despres-de-diana-morant-ve-abalos-o-el-que-es-el-mateix-despres-de-morant-ve-la-corrupcio-del-psoe-a-espanya-i-a-la-comunitat-valenciana\/\" aria-label=\"M\u00e9s informaci\u00f3 sobre Juanfran P\u00e9rez: &#8220;Despr\u00e9s de Diana Morant ve \u00c1balos, o el que \u00e9s el mateix, despr\u00e9s de Morant ve la corrupci\u00f3 del PSOE a Espanya i a la Comunitat Valenciana&#8221;\">Read more<\/a><\/p>\n","protected":false},"author":2,"featured_media":14752,"comment_status":"closed","ping_status":"closed","sticky":false,"template":"","format":"standard","meta":{"om_disable_all_campaigns":false,"_monsterinsights_skip_tracking":false,"_monsterinsights_sitenote_active":false,"_monsterinsights_sitenote_note":"","_monsterinsights_sitenote_category":0,"_uf_show_specific_survey":0,"_uf_disable_surveys":false,"footnotes":""},"categories":[11],"tags":[],"class_list":["post-14751","post","type-post","status-publish","format-standard","has-post-thumbnail","hentry","category-comunitatvalenciana"],"_links":{"self":[{"href":"https:\/\/elcafedepipa.com\/index.php\/wp-json\/wp\/v2\/posts\/14751","targetHints":{"allow":["GET"]}}],"collection":[{"href":"https:\/\/elcafedepipa.com\/index.php\/wp-json\/wp\/v2\/posts"}],"about":[{"href":"https:\/\/elcafedepipa.com\/index.php\/wp-json\/wp\/v2\/types\/post"}],"author":[{"embeddable":true,"href":"https:\/\/elcafedepipa.com\/index.php\/wp-json\/wp\/v2\/users\/2"}],"replies":[{"embeddable":true,"href":"https:\/\/elcafedepipa.com\/index.php\/wp-json\/wp\/v2\/comments?post=14751"}],"version-history":[{"count":0,"href":"https:\/\/elcafedepipa.com\/index.php\/wp-json\/wp\/v2\/posts\/14751\/revisions"}],"wp:featuredmedia":[{"embeddable":true,"href":"https:\/\/elcafedepipa.com\/index.php\/wp-json\/wp\/v2\/media\/14752"}],"wp:attachment":[{"href":"https:\/\/elcafedepipa.com\/index.php\/wp-json\/wp\/v2\/media?parent=14751"}],"wp:term":[{"taxonomy":"category","embeddable":true,"href":"https:\/\/elcafedepipa.com\/index.php\/wp-json\/wp\/v2\/categories?post=14751"},{"taxonomy":"post_tag","embeddable":true,"href":"https:\/\/elcafedepipa.com\/index.php\/wp-json\/wp\/v2\/tags?post=14751"}],"curies":[{"name":"wp","href":"https:\/\/api.w.org\/{rel}","templated":true}]}}