{"id":14735,"date":"2025-06-10T14:25:34","date_gmt":"2025-06-10T12:25:34","guid":{"rendered":"https:\/\/elcafedepipa.com\/?p=14735"},"modified":"2025-06-10T14:32:00","modified_gmt":"2025-06-10T12:32:00","slug":"nules-dona-a-coneixer-el-su-programa-superat","status":"publish","type":"post","link":"https:\/\/elcafedepipa.com\/index.php\/2025\/06\/10\/nules-dona-a-coneixer-el-su-programa-superat\/","title":{"rendered":"Nules d\u00f3na a con\u00e8ixer  el su programa supera&#8217;t"},"content":{"rendered":"\n<p>El Programa d\u2019Itineraris d\u2019Inclusi\u00f3 Social Supera\u2019t a Nules ha donat a con\u00e8ixer la seua activitat al F\u00f2rum d\u2019Ocupaci\u00f3 celebrat recentment a la localitat. En aquest acte de difusi\u00f3 del programa nombroses persones han pogut assabentar-se de les accions, activitats i acompanyaments que es realitzen des del programa Supera\u2019t a Nules.<\/p>\n\n\n\n<p>De fet, aquest Programa d\u2019Itineraris Integrats per a la Inserci\u00f3 Sociolaboral de Persones en situaci\u00f3 o risc d\u2019Exclusi\u00f3 Social que s\u2019anomena Supera\u2019t a Nules va dirigit a persones amb dificultats per a accedir al mercat laboral, principalment.<\/p>\n\n\n\n<p>Aquest programa est\u00e0 cofinan\u00e7at per la Uni\u00f3 Europea a trav\u00e9s del Programa Operatiu del Fons Social Europeu Plus (FSE+) de la Comunitat Valenciana (2021-2027).<\/p>\n\n\n\n<p>\u201cAmb aquesta iniciativa promoguda pel departament de Serveis Socials es treballa de manera individualitzada la inserci\u00f3 sociolaboral ajustant-se a les necessitats de cadascuna de les persones participants amb l\u2019objectiu de millorar la seua ocupabilitat\u201d, comenta el regidor de Serveis Socials, Ram\u00f3n Mart\u00ednez.<\/p>\n\n\n\n<p>Aix\u00ed, per a desenvolupar aquest projecte es contracten a professionals de diferents \u00e0mbits como ara psic\u00f2legs, treballadors socials, orientadors laborals, o formadors per a l\u2019ocupaci\u00f3.<\/p>\n\n\n\n<p>Entre les fases dels itineraris es troben la derivaci\u00f3 del Departament de Serveis Socials al programa; informaci\u00f3 i acolliment per l\u2019equip de professionals; diagn\u00f2stic d\u2019ocupabilitat i disseny de l\u2019itinerari personalitzat; formaci\u00f3 i desenvolupament personal; participaci\u00f3 activa; orientaci\u00f3 i recerca d\u2019ocupaci\u00f3; inserci\u00f3 sociolaboral i seguiment.<\/p>\n","protected":false},"excerpt":{"rendered":"<p>El Programa d\u2019Itineraris d\u2019Inclusi\u00f3 Social Supera\u2019t a Nules ha donat a con\u00e8ixer la seua activitat al F\u00f2rum d\u2019Ocupaci\u00f3 celebrat recentment a la localitat. En aquest acte de difusi\u00f3 del programa nombroses persones han pogut assabentar-se de les accions, activitats i acompanyaments que es realitzen des del programa Supera\u2019t a Nules. De fet, aquest Programa d\u2019Itineraris &#8230; <a title=\"Nules d\u00f3na a con\u00e8ixer  el su programa supera&#8217;t\" class=\"read-more\" href=\"https:\/\/elcafedepipa.com\/index.php\/2025\/06\/10\/nules-dona-a-coneixer-el-su-programa-superat\/\" aria-label=\"M\u00e9s informaci\u00f3 sobre Nules d\u00f3na a con\u00e8ixer  el su programa supera&#8217;t\">Read more<\/a><\/p>\n","protected":false},"author":2,"featured_media":14736,"comment_status":"closed","ping_status":"closed","sticky":false,"template":"","format":"standard","meta":{"om_disable_all_campaigns":false,"_monsterinsights_skip_tracking":false,"_monsterinsights_sitenote_active":false,"_monsterinsights_sitenote_note":"","_monsterinsights_sitenote_category":0,"_uf_show_specific_survey":0,"_uf_disable_surveys":false,"footnotes":""},"categories":[3],"tags":[],"class_list":["post-14735","post","type-post","status-publish","format-standard","has-post-thumbnail","hentry","category-nules"],"_links":{"self":[{"href":"https:\/\/elcafedepipa.com\/index.php\/wp-json\/wp\/v2\/posts\/14735","targetHints":{"allow":["GET"]}}],"collection":[{"href":"https:\/\/elcafedepipa.com\/index.php\/wp-json\/wp\/v2\/posts"}],"about":[{"href":"https:\/\/elcafedepipa.com\/index.php\/wp-json\/wp\/v2\/types\/post"}],"author":[{"embeddable":true,"href":"https:\/\/elcafedepipa.com\/index.php\/wp-json\/wp\/v2\/users\/2"}],"replies":[{"embeddable":true,"href":"https:\/\/elcafedepipa.com\/index.php\/wp-json\/wp\/v2\/comments?post=14735"}],"version-history":[{"count":0,"href":"https:\/\/elcafedepipa.com\/index.php\/wp-json\/wp\/v2\/posts\/14735\/revisions"}],"wp:featuredmedia":[{"embeddable":true,"href":"https:\/\/elcafedepipa.com\/index.php\/wp-json\/wp\/v2\/media\/14736"}],"wp:attachment":[{"href":"https:\/\/elcafedepipa.com\/index.php\/wp-json\/wp\/v2\/media?parent=14735"}],"wp:term":[{"taxonomy":"category","embeddable":true,"href":"https:\/\/elcafedepipa.com\/index.php\/wp-json\/wp\/v2\/categories?post=14735"},{"taxonomy":"post_tag","embeddable":true,"href":"https:\/\/elcafedepipa.com\/index.php\/wp-json\/wp\/v2\/tags?post=14735"}],"curies":[{"name":"wp","href":"https:\/\/api.w.org\/{rel}","templated":true}]}}