{"id":14717,"date":"2025-06-10T12:26:01","date_gmt":"2025-06-10T10:26:01","guid":{"rendered":"https:\/\/elcafedepipa.com\/?p=14717"},"modified":"2025-06-10T12:26:02","modified_gmt":"2025-06-10T10:26:02","slug":"el-pp-de-mascarell-proposa-nomenar-fill-adoptiu-a-la-seua-cura-rector-mossen-manuel-blasco","status":"publish","type":"post","link":"https:\/\/elcafedepipa.com\/index.php\/2025\/06\/10\/el-pp-de-mascarell-proposa-nomenar-fill-adoptiu-a-la-seua-cura-rector-mossen-manuel-blasco\/","title":{"rendered":"El PP de Mascarell proposa nomenar fill adoptiu a la seua cura rector moss\u00e9n Manuel Blasco"},"content":{"rendered":"\n<p>El president del Partit Popular de Mascarell ha proposat nomenar fill adoptiu de Mascarell a la seua cura rector moss\u00e9n Manuel Blasco. La iniciativa es promou despr\u00e9s de la defunci\u00f3 de \u201cun capell\u00e0 estimat per Nules i Mascarell, que va atendre amb voluntat i lliurament als feligresos del nostre municipi\u201d, ha manifestat Juan Navarro.<\/p>\n\n\n\n<p>Ha sigut precisament a proposta del president del PP de Mascarell, Juan Navarro, que el Grup Municipal del PP de Nules ha registrat esta passada setmana una iniciativa a l&#8217;ajuntament dirigida a debatre i acordar, si \u00e9s el cas, el nomenament de moss\u00e9n Manuel Blasco com a fill adoptiu de Mascarell.<\/p>\n\n\n\n<p>La proposta planteja, aix\u00ed mateix, recordar el seu treball i devot lliurament donant el seu nom a \u201cuna pla\u00e7a o un carrer del nostre municipi\u201d. Des del PP consideren que \u201cseria una bona localitzaci\u00f3 atorgar el nom de moss\u00e9n Blasco a la pla\u00e7a de l&#8217;entrada de l&#8217;esgl\u00e9sia de Mascarell\u201d. Per\u00f2 al temps assenyalen que \u201ces tracta nom\u00e9s d&#8217;una idea, una iniciativa que posem sobre la taula per\u00f2 que desitgem compartir per a decidir, des del consens, este reconeixement al treball de moss\u00e9n Blasco que ha de ser el de tota Mascarell\u201d.<\/p>\n","protected":false},"excerpt":{"rendered":"<p>El president del Partit Popular de Mascarell ha proposat nomenar fill adoptiu de Mascarell a la seua cura rector moss\u00e9n Manuel Blasco. La iniciativa es promou despr\u00e9s de la defunci\u00f3 de \u201cun capell\u00e0 estimat per Nules i Mascarell, que va atendre amb voluntat i lliurament als feligresos del nostre municipi\u201d, ha manifestat Juan Navarro. Ha &#8230; <a title=\"El PP de Mascarell proposa nomenar fill adoptiu a la seua cura rector moss\u00e9n Manuel Blasco\" class=\"read-more\" href=\"https:\/\/elcafedepipa.com\/index.php\/2025\/06\/10\/el-pp-de-mascarell-proposa-nomenar-fill-adoptiu-a-la-seua-cura-rector-mossen-manuel-blasco\/\" aria-label=\"M\u00e9s informaci\u00f3 sobre El PP de Mascarell proposa nomenar fill adoptiu a la seua cura rector moss\u00e9n Manuel Blasco\">Read more<\/a><\/p>\n","protected":false},"author":2,"featured_media":14718,"comment_status":"closed","ping_status":"closed","sticky":false,"template":"","format":"standard","meta":{"om_disable_all_campaigns":false,"_monsterinsights_skip_tracking":false,"_monsterinsights_sitenote_active":false,"_monsterinsights_sitenote_note":"","_monsterinsights_sitenote_category":0,"_uf_show_specific_survey":0,"_uf_disable_surveys":false,"footnotes":""},"categories":[3],"tags":[],"class_list":["post-14717","post","type-post","status-publish","format-standard","has-post-thumbnail","hentry","category-nules"],"_links":{"self":[{"href":"https:\/\/elcafedepipa.com\/index.php\/wp-json\/wp\/v2\/posts\/14717","targetHints":{"allow":["GET"]}}],"collection":[{"href":"https:\/\/elcafedepipa.com\/index.php\/wp-json\/wp\/v2\/posts"}],"about":[{"href":"https:\/\/elcafedepipa.com\/index.php\/wp-json\/wp\/v2\/types\/post"}],"author":[{"embeddable":true,"href":"https:\/\/elcafedepipa.com\/index.php\/wp-json\/wp\/v2\/users\/2"}],"replies":[{"embeddable":true,"href":"https:\/\/elcafedepipa.com\/index.php\/wp-json\/wp\/v2\/comments?post=14717"}],"version-history":[{"count":0,"href":"https:\/\/elcafedepipa.com\/index.php\/wp-json\/wp\/v2\/posts\/14717\/revisions"}],"wp:featuredmedia":[{"embeddable":true,"href":"https:\/\/elcafedepipa.com\/index.php\/wp-json\/wp\/v2\/media\/14718"}],"wp:attachment":[{"href":"https:\/\/elcafedepipa.com\/index.php\/wp-json\/wp\/v2\/media?parent=14717"}],"wp:term":[{"taxonomy":"category","embeddable":true,"href":"https:\/\/elcafedepipa.com\/index.php\/wp-json\/wp\/v2\/categories?post=14717"},{"taxonomy":"post_tag","embeddable":true,"href":"https:\/\/elcafedepipa.com\/index.php\/wp-json\/wp\/v2\/tags?post=14717"}],"curies":[{"name":"wp","href":"https:\/\/api.w.org\/{rel}","templated":true}]}}