{"id":14710,"date":"2025-06-10T10:04:46","date_gmt":"2025-06-10T08:04:46","guid":{"rendered":"https:\/\/elcafedepipa.com\/?p=14710"},"modified":"2025-06-10T10:04:47","modified_gmt":"2025-06-10T08:04:47","slug":"moncofa-consolida-laposta-per-lesport-com-a-seu-de-la-segona-etapa-de-la-volta-a-castello","status":"publish","type":"post","link":"https:\/\/elcafedepipa.com\/index.php\/2025\/06\/10\/moncofa-consolida-laposta-per-lesport-com-a-seu-de-la-segona-etapa-de-la-volta-a-castello\/","title":{"rendered":"Moncofa consolida l\u2019aposta per l\u2019esport com a seu de la segona etapa de la Volta a Castell\u00f3"},"content":{"rendered":"\n<p>Moncofa tornar\u00e0 a ser escenari del millor ciclisme en acollir, per primera vegada, una de les etapes de la Volta a Castell\u00f3, una prova de refer\u00e8ncia en el calendari ciclista sub-23 promoguda per la Diputaci\u00f3 de Castell\u00f3. Ser\u00e0 el pr\u00f2xim 13 de juny, en la segona etapa de la competici\u00f3, amb eixida i meta a Moncofa.<\/p>\n\n\n\n<p>La regidora d&#8217;Esports, Arantxa Igual, ha destacat el comprom\u00eds de Moncofa amb el ciclisme i els grans esdeveniments: \u201c\u00c9s la primera vegada que participem en la Volta a Castell\u00f3 masculina, despr\u00e9s de la gran experi\u00e8ncia que vam viure l&#8217;any passat amb la Vuelta femenina. La resposta de la poblaci\u00f3 va ser excel\u00b7lent i no dubtem a acceptar esta nova proposta\u201d, assenyala Igual.<\/p>\n\n\n\n<p>L&#8217;edil s&#8217;ha mostrat conven\u00e7uda que la ciutadania tornar\u00e0 a bolcar-se amb un esdeveniment que reunir\u00e0 els millors equips ciclistes sub-23 del panorama nacional i recorrer\u00e0 alguns dels punts m\u00e9s emblem\u00e0tics de la prov\u00edncia. L&#8217;etapa, amb eixida i meta a Moncofa, posar\u00e0 en valor tant l&#8217;aposta de Moncofa per l&#8217;esport d&#8217;alt nivell com la bellesa dels seus paisatges<\/p>\n","protected":false},"excerpt":{"rendered":"<p>Moncofa tornar\u00e0 a ser escenari del millor ciclisme en acollir, per primera vegada, una de les etapes de la Volta a Castell\u00f3, una prova de refer\u00e8ncia en el calendari ciclista sub-23 promoguda per la Diputaci\u00f3 de Castell\u00f3. Ser\u00e0 el pr\u00f2xim 13 de juny, en la segona etapa de la competici\u00f3, amb eixida i meta a &#8230; <a title=\"Moncofa consolida l\u2019aposta per l\u2019esport com a seu de la segona etapa de la Volta a Castell\u00f3\" class=\"read-more\" href=\"https:\/\/elcafedepipa.com\/index.php\/2025\/06\/10\/moncofa-consolida-laposta-per-lesport-com-a-seu-de-la-segona-etapa-de-la-volta-a-castello\/\" aria-label=\"M\u00e9s informaci\u00f3 sobre Moncofa consolida l\u2019aposta per l\u2019esport com a seu de la segona etapa de la Volta a Castell\u00f3\">Read more<\/a><\/p>\n","protected":false},"author":2,"featured_media":14711,"comment_status":"closed","ping_status":"closed","sticky":false,"template":"","format":"standard","meta":{"om_disable_all_campaigns":false,"_monsterinsights_skip_tracking":false,"_monsterinsights_sitenote_active":false,"_monsterinsights_sitenote_note":"","_monsterinsights_sitenote_category":0,"_uf_show_specific_survey":0,"_uf_disable_surveys":false,"footnotes":""},"categories":[4],"tags":[],"class_list":["post-14710","post","type-post","status-publish","format-standard","has-post-thumbnail","hentry","category-moncofa"],"_links":{"self":[{"href":"https:\/\/elcafedepipa.com\/index.php\/wp-json\/wp\/v2\/posts\/14710","targetHints":{"allow":["GET"]}}],"collection":[{"href":"https:\/\/elcafedepipa.com\/index.php\/wp-json\/wp\/v2\/posts"}],"about":[{"href":"https:\/\/elcafedepipa.com\/index.php\/wp-json\/wp\/v2\/types\/post"}],"author":[{"embeddable":true,"href":"https:\/\/elcafedepipa.com\/index.php\/wp-json\/wp\/v2\/users\/2"}],"replies":[{"embeddable":true,"href":"https:\/\/elcafedepipa.com\/index.php\/wp-json\/wp\/v2\/comments?post=14710"}],"version-history":[{"count":0,"href":"https:\/\/elcafedepipa.com\/index.php\/wp-json\/wp\/v2\/posts\/14710\/revisions"}],"wp:featuredmedia":[{"embeddable":true,"href":"https:\/\/elcafedepipa.com\/index.php\/wp-json\/wp\/v2\/media\/14711"}],"wp:attachment":[{"href":"https:\/\/elcafedepipa.com\/index.php\/wp-json\/wp\/v2\/media?parent=14710"}],"wp:term":[{"taxonomy":"category","embeddable":true,"href":"https:\/\/elcafedepipa.com\/index.php\/wp-json\/wp\/v2\/categories?post=14710"},{"taxonomy":"post_tag","embeddable":true,"href":"https:\/\/elcafedepipa.com\/index.php\/wp-json\/wp\/v2\/tags?post=14710"}],"curies":[{"name":"wp","href":"https:\/\/api.w.org\/{rel}","templated":true}]}}