{"id":14707,"date":"2025-06-10T10:02:25","date_gmt":"2025-06-10T08:02:25","guid":{"rendered":"https:\/\/elcafedepipa.com\/?p=14707"},"modified":"2025-06-10T10:02:26","modified_gmt":"2025-06-10T08:02:26","slug":"pastor-la-desinformacio-del-govern-i-la-incompetencia-de-la-chj-ens-va-fer-viure-a-tots-un-fals-miratge-de-tranquillitat-aparent-al-barranc-del-poyo","status":"publish","type":"post","link":"https:\/\/elcafedepipa.com\/index.php\/2025\/06\/10\/pastor-la-desinformacio-del-govern-i-la-incompetencia-de-la-chj-ens-va-fer-viure-a-tots-un-fals-miratge-de-tranquillitat-aparent-al-barranc-del-poyo\/","title":{"rendered":"Pastor: \u201cLa desinformaci\u00f3 del Govern i la incompet\u00e8ncia de la CHJ ens va fer viure a tots un fals miratge de tranquil\u00b7litat aparent al barranc del Poyo\u201d"},"content":{"rendered":"\n<p>El portaveu del Grup Popular en la comissi\u00f3 d\u2019investigaci\u00f3 sobre la gesti\u00f3 de la DANA, Fernando Pastor, ha lamentat que \u201cla desinformaci\u00f3 per part del Govern, la incompet\u00e8ncia i la deixadesa de funcions dels responsables del barranc del Poyo el 29-O va fer que tots visqu\u00e9rem un fals miratge de tranquil\u00b7litat aparent\u201d.<\/p>\n\n\n\n<p>El diputat popular ha assenyalat que \u201cla CHJ sabia que les obres del barranc eren urgents per a prevenir inundacions i, tanmateix, van fer cas om\u00eds i ho van passar per alt, provocant la terrible riuada que va assolar la prov\u00edncia de Val\u00e8ncia\u201d.<\/p>\n\n\n\n<p>En aquest sentit, ha incidit que \u201cvan demostrar la seua incompet\u00e8ncia total en no avisar de l\u2019augment del cabal en temps i forma\u201d. Nando Pastor ha remarcat que \u201cel fam\u00f3s correu va arribar m\u00e9s d\u2019una hora tard des que es va tindre coneixement de l\u2019increment del nivell del barranc\u201d i ha lamentat que \u201cni Pilar Bernab\u00e9 ni Miguel Polo van alertar d\u2019aquestes dades en el Cecopi\u201d.<\/p>\n\n\n\n<p>Pastor tamb\u00e9 ha fet refer\u00e8ncia al fet que el 29 d\u2019octubre \u201cels pluvi\u00f2metres van batre tots els r\u00e8cords\u201d i ha apuntat que \u201cl\u2019alerta roja de l\u2019AEMET es va quedar curta, ning\u00fa no va avisar de la tremenda tromba d\u2019aigua que anava a negar la prov\u00edncia de Val\u00e8ncia i provocar la major cat\u00e0strofe de la nostra hist\u00f2ria\u201d.<\/p>\n\n\n\n<p><\/p>\n","protected":false},"excerpt":{"rendered":"<p>El portaveu del Grup Popular en la comissi\u00f3 d\u2019investigaci\u00f3 sobre la gesti\u00f3 de la DANA, Fernando Pastor, ha lamentat que \u201cla desinformaci\u00f3 per part del Govern, la incompet\u00e8ncia i la deixadesa de funcions dels responsables del barranc del Poyo el 29-O va fer que tots visqu\u00e9rem un fals miratge de tranquil\u00b7litat aparent\u201d. El diputat popular &#8230; <a title=\"Pastor: \u201cLa desinformaci\u00f3 del Govern i la incompet\u00e8ncia de la CHJ ens va fer viure a tots un fals miratge de tranquil\u00b7litat aparent al barranc del Poyo\u201d\" class=\"read-more\" href=\"https:\/\/elcafedepipa.com\/index.php\/2025\/06\/10\/pastor-la-desinformacio-del-govern-i-la-incompetencia-de-la-chj-ens-va-fer-viure-a-tots-un-fals-miratge-de-tranquillitat-aparent-al-barranc-del-poyo\/\" aria-label=\"M\u00e9s informaci\u00f3 sobre Pastor: \u201cLa desinformaci\u00f3 del Govern i la incompet\u00e8ncia de la CHJ ens va fer viure a tots un fals miratge de tranquil\u00b7litat aparent al barranc del Poyo\u201d\">Read more<\/a><\/p>\n","protected":false},"author":2,"featured_media":14708,"comment_status":"closed","ping_status":"closed","sticky":false,"template":"","format":"standard","meta":{"om_disable_all_campaigns":false,"_monsterinsights_skip_tracking":false,"_monsterinsights_sitenote_active":false,"_monsterinsights_sitenote_note":"","_monsterinsights_sitenote_category":0,"_uf_show_specific_survey":0,"_uf_disable_surveys":false,"footnotes":""},"categories":[11],"tags":[],"class_list":["post-14707","post","type-post","status-publish","format-standard","has-post-thumbnail","hentry","category-comunitatvalenciana"],"_links":{"self":[{"href":"https:\/\/elcafedepipa.com\/index.php\/wp-json\/wp\/v2\/posts\/14707","targetHints":{"allow":["GET"]}}],"collection":[{"href":"https:\/\/elcafedepipa.com\/index.php\/wp-json\/wp\/v2\/posts"}],"about":[{"href":"https:\/\/elcafedepipa.com\/index.php\/wp-json\/wp\/v2\/types\/post"}],"author":[{"embeddable":true,"href":"https:\/\/elcafedepipa.com\/index.php\/wp-json\/wp\/v2\/users\/2"}],"replies":[{"embeddable":true,"href":"https:\/\/elcafedepipa.com\/index.php\/wp-json\/wp\/v2\/comments?post=14707"}],"version-history":[{"count":0,"href":"https:\/\/elcafedepipa.com\/index.php\/wp-json\/wp\/v2\/posts\/14707\/revisions"}],"wp:featuredmedia":[{"embeddable":true,"href":"https:\/\/elcafedepipa.com\/index.php\/wp-json\/wp\/v2\/media\/14708"}],"wp:attachment":[{"href":"https:\/\/elcafedepipa.com\/index.php\/wp-json\/wp\/v2\/media?parent=14707"}],"wp:term":[{"taxonomy":"category","embeddable":true,"href":"https:\/\/elcafedepipa.com\/index.php\/wp-json\/wp\/v2\/categories?post=14707"},{"taxonomy":"post_tag","embeddable":true,"href":"https:\/\/elcafedepipa.com\/index.php\/wp-json\/wp\/v2\/tags?post=14707"}],"curies":[{"name":"wp","href":"https:\/\/api.w.org\/{rel}","templated":true}]}}