{"id":14704,"date":"2025-06-10T09:59:13","date_gmt":"2025-06-10T07:59:13","guid":{"rendered":"https:\/\/elcafedepipa.com\/?p=14704"},"modified":"2025-06-10T09:59:14","modified_gmt":"2025-06-10T07:59:14","slug":"lescola-dart-i-superior-de-disseny-de-castello-seleccio-nada-en-el-xi-mes-del-diseno-emergente-del-museo-del-traje-de-madrid-con-resignificar-el-blanco","status":"publish","type":"post","link":"https:\/\/elcafedepipa.com\/index.php\/2025\/06\/10\/lescola-dart-i-superior-de-disseny-de-castello-seleccio-nada-en-el-xi-mes-del-diseno-emergente-del-museo-del-traje-de-madrid-con-resignificar-el-blanco\/","title":{"rendered":"L&#8217;Escola d\u2019Art i Superior de Disseny de Castell\u00f3, seleccio-nada en el XI Mes del Dise\u00f1o Emergente del Museo del Traje de Madrid con \u2018Resignificar el blanco&#8217;"},"content":{"rendered":"\n<p>L&#8217;Escola d&#8217;Art i Superior de Disseny de Castell\u00f3 (EASD) ha sigut seleccionada per a participar en la XI Edici\u00f3 del Mes del Disseny Emergents, organitzada pel Museu del Vestit de Madrid. El seu projecte \u201cResignificar el blanc\u201d s\u2019exhibeix fins al pr\u00f2xim 29 de juny a la sala d\u2019usos m\u00faltiples del museu madrileny, junt amb altres cinc projectes seleccionats a nivell nacional.<\/p>\n\n\n\n<p>En el desenvolupament del projecte han participat diverses disciplines de l\u2019escola com ara Moda, Disseny d\u2019Interiors, Gr\u00e0fic, Fotografia i Audiovisuals. \u201cAquest \u00e9s un exemple de disseny d\u2019interiors dels molts que es poden fer quan es desenvolupa arquitectura ef\u00edmera. Podem aplicar-lo a espais expositius, teatre, plat\u00f3s de televisi\u00f3, etc. A l\u2019Escola comptem amb el Grau en Disseny d\u2019Interiors i des de fa diversos cursos oferim tamb\u00e9 un Cicle Superior d\u2019Arquitectura Ef\u00edmera\u201d, expliquen fonts del centre.<\/p>\n\n\n\n<p>El projecte, coordinat des de l\u2019assignatura d\u2019Indument\u00e0ria Esc\u00e8nica del Grau en Disseny de Moda que dirigeix la professora Elena Cuadrado, proposa una reinterpretaci\u00f3 contempor\u00e0nia i sostenible de la indument\u00e0ria tradicional espanyola, partint de les col\u00b7leccions hist\u00f2riques del mateix Museu del Vestit. Cada pe\u00e7a explora la mem\u00f2ria t\u00e8xtil, la identitat cultural i la sostenibilitat, utilitzant t\u00e8xtils recuperats \u2014principalment llen\u00e7ols i cobrellits rebutjats del sector hoteler local\u2014 com a base per al proc\u00e9s creatiu.<\/p>\n\n\n\n<p>El comit\u00e8 de selecci\u00f3 del Museu del Vestit va valorar especialment la coher\u00e8ncia tem\u00e0tica, l\u2019experimentaci\u00f3 material, la qualitat t\u00e8cnica dels looks i l\u2019excel\u00b7lent presentaci\u00f3 del dossier. El jurat ha estat compost per destacades figures de l\u2019\u00e0mbit de la moda i el disseny com Pepa Bueno, presidenta de l\u2019Associaci\u00f3 de Creadors de Moda d\u2019Espanya (ACME), i el dissenyador Armiche Rodr\u00edguez.<\/p>\n\n\n\n<p>L\u2019EASD Castell\u00f3 vol agrair la col\u00b7laboraci\u00f3 de Conchin Valero Hern\u00e1ndez per la donaci\u00f3 de puntilles antigues, aix\u00ed com a les empreses del sector hoteler que tamb\u00e9 han donat material.<\/p>\n","protected":false},"excerpt":{"rendered":"<p>L&#8217;Escola d&#8217;Art i Superior de Disseny de Castell\u00f3 (EASD) ha sigut seleccionada per a participar en la XI Edici\u00f3 del Mes del Disseny Emergents, organitzada pel Museu del Vestit de Madrid. El seu projecte \u201cResignificar el blanc\u201d s\u2019exhibeix fins al pr\u00f2xim 29 de juny a la sala d\u2019usos m\u00faltiples del museu madrileny, junt amb altres &#8230; <a title=\"L&#8217;Escola d\u2019Art i Superior de Disseny de Castell\u00f3, seleccio-nada en el XI Mes del Dise\u00f1o Emergente del Museo del Traje de Madrid con \u2018Resignificar el blanco&#8217;\" class=\"read-more\" href=\"https:\/\/elcafedepipa.com\/index.php\/2025\/06\/10\/lescola-dart-i-superior-de-disseny-de-castello-seleccio-nada-en-el-xi-mes-del-diseno-emergente-del-museo-del-traje-de-madrid-con-resignificar-el-blanco\/\" aria-label=\"M\u00e9s informaci\u00f3 sobre L&#8217;Escola d\u2019Art i Superior de Disseny de Castell\u00f3, seleccio-nada en el XI Mes del Dise\u00f1o Emergente del Museo del Traje de Madrid con \u2018Resignificar el blanco&#8217;\">Read more<\/a><\/p>\n","protected":false},"author":2,"featured_media":14705,"comment_status":"closed","ping_status":"closed","sticky":false,"template":"","format":"standard","meta":{"om_disable_all_campaigns":false,"_monsterinsights_skip_tracking":false,"_monsterinsights_sitenote_active":false,"_monsterinsights_sitenote_note":"","_monsterinsights_sitenote_category":0,"_uf_show_specific_survey":0,"_uf_disable_surveys":false,"footnotes":""},"categories":[10],"tags":[],"class_list":["post-14704","post","type-post","status-publish","format-standard","has-post-thumbnail","hentry","category-provinciadecastello"],"_links":{"self":[{"href":"https:\/\/elcafedepipa.com\/index.php\/wp-json\/wp\/v2\/posts\/14704","targetHints":{"allow":["GET"]}}],"collection":[{"href":"https:\/\/elcafedepipa.com\/index.php\/wp-json\/wp\/v2\/posts"}],"about":[{"href":"https:\/\/elcafedepipa.com\/index.php\/wp-json\/wp\/v2\/types\/post"}],"author":[{"embeddable":true,"href":"https:\/\/elcafedepipa.com\/index.php\/wp-json\/wp\/v2\/users\/2"}],"replies":[{"embeddable":true,"href":"https:\/\/elcafedepipa.com\/index.php\/wp-json\/wp\/v2\/comments?post=14704"}],"version-history":[{"count":0,"href":"https:\/\/elcafedepipa.com\/index.php\/wp-json\/wp\/v2\/posts\/14704\/revisions"}],"wp:featuredmedia":[{"embeddable":true,"href":"https:\/\/elcafedepipa.com\/index.php\/wp-json\/wp\/v2\/media\/14705"}],"wp:attachment":[{"href":"https:\/\/elcafedepipa.com\/index.php\/wp-json\/wp\/v2\/media?parent=14704"}],"wp:term":[{"taxonomy":"category","embeddable":true,"href":"https:\/\/elcafedepipa.com\/index.php\/wp-json\/wp\/v2\/categories?post=14704"},{"taxonomy":"post_tag","embeddable":true,"href":"https:\/\/elcafedepipa.com\/index.php\/wp-json\/wp\/v2\/tags?post=14704"}],"curies":[{"name":"wp","href":"https:\/\/api.w.org\/{rel}","templated":true}]}}