{"id":14696,"date":"2025-06-09T14:48:42","date_gmt":"2025-06-09T12:48:42","guid":{"rendered":"https:\/\/elcafedepipa.com\/?p=14696"},"modified":"2025-06-09T14:50:36","modified_gmt":"2025-06-09T12:50:36","slug":"lajuntament-dalmenara-porta-a-terme-tasques-de-millora-de-lasfalta-en-mes-de-40-punts-del-terme-municipal","status":"publish","type":"post","link":"https:\/\/elcafedepipa.com\/index.php\/2025\/06\/09\/lajuntament-dalmenara-porta-a-terme-tasques-de-millora-de-lasfalta-en-mes-de-40-punts-del-terme-municipal\/","title":{"rendered":"L&#8217;Ajuntament d&#8217;Almenara porta a terme tasques de millora de l&#8217;asfalt en m\u00e9s de 40 punts del terme municipal"},"content":{"rendered":"\n<p><strong>Pr\u00f2ximament, en una segona fase, continuaran les actuacions amb el reasfaltat complet de diverses vies rurals<\/strong><\/p>\n\n\n\n<p>L&#8217;Ajuntament d&#8217;Almenara ha iniciat els treballs de millora i reparaci\u00f3 de l&#8217;asfalt en m\u00e9s de 40 punts dels camins rurals del terme municipal amb la finalitat d&#8217;eliminar els sots i els punts amb major deterioraci\u00f3 en aquestes vies. L&#8217;actuaci\u00f3 s&#8217;est\u00e0 realitzant amb fons propis de l&#8217;ajuntament.<\/p>\n\n\n\n<p>Les tasques de millora continuaran pr\u00f2ximament amb el reasfaltat complet i millora d&#8217;altres camins rurals del terme, al que se sumar\u00e0 una segona fase de reparaci\u00f3 en altres vies.<\/p>\n\n\n\n<p><\/p>\n","protected":false},"excerpt":{"rendered":"<p>Pr\u00f2ximament, en una segona fase, continuaran les actuacions amb el reasfaltat complet de diverses vies rurals L&#8217;Ajuntament d&#8217;Almenara ha iniciat els treballs de millora i reparaci\u00f3 de l&#8217;asfalt en m\u00e9s de 40 punts dels camins rurals del terme municipal amb la finalitat d&#8217;eliminar els sots i els punts amb major deterioraci\u00f3 en aquestes vies. L&#8217;actuaci\u00f3 &#8230; <a title=\"L&#8217;Ajuntament d&#8217;Almenara porta a terme tasques de millora de l&#8217;asfalt en m\u00e9s de 40 punts del terme municipal\" class=\"read-more\" href=\"https:\/\/elcafedepipa.com\/index.php\/2025\/06\/09\/lajuntament-dalmenara-porta-a-terme-tasques-de-millora-de-lasfalta-en-mes-de-40-punts-del-terme-municipal\/\" aria-label=\"M\u00e9s informaci\u00f3 sobre L&#8217;Ajuntament d&#8217;Almenara porta a terme tasques de millora de l&#8217;asfalt en m\u00e9s de 40 punts del terme municipal\">Read more<\/a><\/p>\n","protected":false},"author":2,"featured_media":14697,"comment_status":"closed","ping_status":"closed","sticky":false,"template":"","format":"standard","meta":{"om_disable_all_campaigns":false,"_monsterinsights_skip_tracking":false,"_monsterinsights_sitenote_active":false,"_monsterinsights_sitenote_note":"","_monsterinsights_sitenote_category":0,"_uf_show_specific_survey":0,"_uf_disable_surveys":false,"footnotes":""},"categories":[5],"tags":[],"class_list":["post-14696","post","type-post","status-publish","format-standard","has-post-thumbnail","hentry","category-almenara"],"_links":{"self":[{"href":"https:\/\/elcafedepipa.com\/index.php\/wp-json\/wp\/v2\/posts\/14696","targetHints":{"allow":["GET"]}}],"collection":[{"href":"https:\/\/elcafedepipa.com\/index.php\/wp-json\/wp\/v2\/posts"}],"about":[{"href":"https:\/\/elcafedepipa.com\/index.php\/wp-json\/wp\/v2\/types\/post"}],"author":[{"embeddable":true,"href":"https:\/\/elcafedepipa.com\/index.php\/wp-json\/wp\/v2\/users\/2"}],"replies":[{"embeddable":true,"href":"https:\/\/elcafedepipa.com\/index.php\/wp-json\/wp\/v2\/comments?post=14696"}],"version-history":[{"count":0,"href":"https:\/\/elcafedepipa.com\/index.php\/wp-json\/wp\/v2\/posts\/14696\/revisions"}],"wp:featuredmedia":[{"embeddable":true,"href":"https:\/\/elcafedepipa.com\/index.php\/wp-json\/wp\/v2\/media\/14697"}],"wp:attachment":[{"href":"https:\/\/elcafedepipa.com\/index.php\/wp-json\/wp\/v2\/media?parent=14696"}],"wp:term":[{"taxonomy":"category","embeddable":true,"href":"https:\/\/elcafedepipa.com\/index.php\/wp-json\/wp\/v2\/categories?post=14696"},{"taxonomy":"post_tag","embeddable":true,"href":"https:\/\/elcafedepipa.com\/index.php\/wp-json\/wp\/v2\/tags?post=14696"}],"curies":[{"name":"wp","href":"https:\/\/api.w.org\/{rel}","templated":true}]}}