{"id":14693,"date":"2025-06-09T14:47:21","date_gmt":"2025-06-09T12:47:21","guid":{"rendered":"https:\/\/elcafedepipa.com\/?p=14693"},"modified":"2025-06-09T14:47:21","modified_gmt":"2025-06-09T12:47:21","slug":"nules-presenta-el-llibre-que-commemora-el-30-aniversari-del-museu-de-medallistica-enrique-giner","status":"publish","type":"post","link":"https:\/\/elcafedepipa.com\/index.php\/2025\/06\/09\/nules-presenta-el-llibre-que-commemora-el-30-aniversari-del-museu-de-medallistica-enrique-giner\/","title":{"rendered":"Nules presenta el llibre que commemora el 30 aniversari del Museu de Medall\u00edstica Enrique Giner"},"content":{"rendered":"\n<p><strong>Antonio Mech\u00f3 Gonz\u00e1lez \u00e9s l\u2019autor d\u2019aquesta publicaci\u00f3<\/strong><\/p>\n\n\n\n<p>El passat cap de setmana va tindre lloc la presentaci\u00f3 de l&#8217;obra <em>Medalles del mestre. Cat\u00e0leg del Museu de Medall\u00edstica Enrique Giner<\/em>, amb el qual l\u2019Ajuntament de Nules vol commemorar el 30 aniversari del Museu de Medall\u00edstica Enrique Giner, i de la que \u00e9s autor el ve\u00ed de Nules Antonio Mech\u00f3 Gonz\u00e1lez.<\/p>\n\n\n\n<p>L&#8217;obra repassa una gran part de la col\u00b7lecci\u00f3 de medalles que Enrique Giner va crear i que es poden visitar al Museu de Medall\u00edstica de Nules; una obra que contextualitza i explica les creacions del mestre Giner, a m\u00e9s de comptar amb una reproducci\u00f3 gr\u00e0fica de les mateixes a escala real.<\/p>\n\n\n\n<p>La presentaci\u00f3 del llibre va comptar amb la pres\u00e8ncia del Regidor de Museus, Guillermo Latorre; de diferents membres de la Corporaci\u00f3 Municipal; del Cronista Oficial de la Vila de Nules, Joan Gavara; de la Presidenta de la Caixa Rural de Nules, Marisol Ballester; d\u2019una representaci\u00f3 del Consell Perell\u00f3 de la Creu; de la filla d&#8217;Enrique Giner i Filla Adoptiva de Nules, Sol Giner; i com no del mateix autor, Antonio Mech\u00f3; entre d\u2019altres.<\/p>\n\n\n\n<p>L&#8217;acte tamb\u00e9 va servir per a mostrar a les persones assistents les diferents millores que s&#8217;han anat escometent al museu als darrers anys, aix\u00ed com per a inaugurar la nova exposici\u00f3 que romandr\u00e0 oberta al p\u00fablic fins a finals d&#8217;any, <em>Les fases de l&#8217;artista<\/em>, on es podran admirar diferents objectes i elements d&#8217;Enrique Giner i con\u00e8ixer la seua evoluci\u00f3 com a artista.<\/p>\n\n\n\n<p>El Museu de Medall\u00edstica Enrique Giner va ser inaugurat el 10 de juny de 1995 gr\u00e0cies a la col\u00b7lecci\u00f3 que va ser donada pel propi artista l\u2019any 1987. La restauraci\u00f3 i adequaci\u00f3 com a museu d&#8217;un edifici tan emblem\u00e0tic com l&#8217;Ermita de San Miguel, o comunament dit El Fort, va afegir al municipi de Nules un<\/p>\n\n\n\n<p>valor cultural de primer nivell, a l&#8217;\u00e9sser l&#8217;\u00fanic museu monogr\u00e0fic de medalla a nivell nacional.<\/p>\n\n\n\n<p>L&#8217;edil de Museus, Guillermo Latorre, va destacar a l\u2019acte de presentaci\u00f3 la import\u00e0ncia que t\u00e9 el Museu de Medall\u00edstica i la sort que t\u00e9 Nules de tindre&#8217;l. A m\u00e9s, va agrair l&#8217;esfor\u00e7 de l\u2019autor per la magn\u00edfica obra, i al Consell Perell\u00f3 de la Creu per estar tants anys vetllant per la col\u00b7lecci\u00f3 art\u00edstica, \u201ccontinuarem treballant, dia a dia, per externalitzar tota la col\u00b7lecci\u00f3 muse\u00edstica d&#8217;aquest museu referent a nivell nacional\u201d, matisa Latorre.<\/p>\n\n\n\n<p><\/p>\n","protected":false},"excerpt":{"rendered":"<p>Antonio Mech\u00f3 Gonz\u00e1lez \u00e9s l\u2019autor d\u2019aquesta publicaci\u00f3 El passat cap de setmana va tindre lloc la presentaci\u00f3 de l&#8217;obra Medalles del mestre. Cat\u00e0leg del Museu de Medall\u00edstica Enrique Giner, amb el qual l\u2019Ajuntament de Nules vol commemorar el 30 aniversari del Museu de Medall\u00edstica Enrique Giner, i de la que \u00e9s autor el ve\u00ed de &#8230; <a title=\"Nules presenta el llibre que commemora el 30 aniversari del Museu de Medall\u00edstica Enrique Giner\" class=\"read-more\" href=\"https:\/\/elcafedepipa.com\/index.php\/2025\/06\/09\/nules-presenta-el-llibre-que-commemora-el-30-aniversari-del-museu-de-medallistica-enrique-giner\/\" aria-label=\"M\u00e9s informaci\u00f3 sobre Nules presenta el llibre que commemora el 30 aniversari del Museu de Medall\u00edstica Enrique Giner\">Read more<\/a><\/p>\n","protected":false},"author":2,"featured_media":14694,"comment_status":"closed","ping_status":"closed","sticky":false,"template":"","format":"standard","meta":{"om_disable_all_campaigns":false,"_monsterinsights_skip_tracking":false,"_monsterinsights_sitenote_active":false,"_monsterinsights_sitenote_note":"","_monsterinsights_sitenote_category":0,"_uf_show_specific_survey":0,"_uf_disable_surveys":false,"footnotes":""},"categories":[3],"tags":[],"class_list":["post-14693","post","type-post","status-publish","format-standard","has-post-thumbnail","hentry","category-nules"],"_links":{"self":[{"href":"https:\/\/elcafedepipa.com\/index.php\/wp-json\/wp\/v2\/posts\/14693","targetHints":{"allow":["GET"]}}],"collection":[{"href":"https:\/\/elcafedepipa.com\/index.php\/wp-json\/wp\/v2\/posts"}],"about":[{"href":"https:\/\/elcafedepipa.com\/index.php\/wp-json\/wp\/v2\/types\/post"}],"author":[{"embeddable":true,"href":"https:\/\/elcafedepipa.com\/index.php\/wp-json\/wp\/v2\/users\/2"}],"replies":[{"embeddable":true,"href":"https:\/\/elcafedepipa.com\/index.php\/wp-json\/wp\/v2\/comments?post=14693"}],"version-history":[{"count":0,"href":"https:\/\/elcafedepipa.com\/index.php\/wp-json\/wp\/v2\/posts\/14693\/revisions"}],"wp:featuredmedia":[{"embeddable":true,"href":"https:\/\/elcafedepipa.com\/index.php\/wp-json\/wp\/v2\/media\/14694"}],"wp:attachment":[{"href":"https:\/\/elcafedepipa.com\/index.php\/wp-json\/wp\/v2\/media?parent=14693"}],"wp:term":[{"taxonomy":"category","embeddable":true,"href":"https:\/\/elcafedepipa.com\/index.php\/wp-json\/wp\/v2\/categories?post=14693"},{"taxonomy":"post_tag","embeddable":true,"href":"https:\/\/elcafedepipa.com\/index.php\/wp-json\/wp\/v2\/tags?post=14693"}],"curies":[{"name":"wp","href":"https:\/\/api.w.org\/{rel}","templated":true}]}}