{"id":14681,"date":"2025-06-09T13:58:11","date_gmt":"2025-06-09T11:58:11","guid":{"rendered":"https:\/\/elcafedepipa.com\/?p=14681"},"modified":"2025-06-09T13:58:12","modified_gmt":"2025-06-09T11:58:12","slug":"la-diputacio-de-castello-reforca-la-seua-alianca-amb-el-banc-daliments","status":"publish","type":"post","link":"https:\/\/elcafedepipa.com\/index.php\/2025\/06\/09\/la-diputacio-de-castello-reforca-la-seua-alianca-amb-el-banc-daliments\/","title":{"rendered":"La Diputaci\u00f3 de Castell\u00f3 refor\u00e7a la seua alian\u00e7a amb el Banc d&#8217;Aliments"},"content":{"rendered":"\n<p><strong> <\/strong>La Diputaci\u00f3 Provincial de Castell\u00f3 mostra el seu costat m\u00e9s solidari i renova el seu conveni de col\u00b7laboraci\u00f3 amb el Banc d&#8217;Aliments amb una subvenci\u00f3 de 60.000 euros. \u201cPer a la instituci\u00f3 provincial \u00e9s una prioritat promoure pol\u00edtiques i actuacions socials dirigides a les persones m\u00e9s vulnerables de la nostra terra, buscant sempre millorar la seua qualitat de vida\u201d.<\/p>\n\n\n\n<p>Amb estes paraules, la presidenta de la Diputaci\u00f3 de Castell\u00f3, Marta Barrachina, ha mostrat el comprom\u00eds de l&#8217;equip de Govern Provincial amb el benestar dels castellonencs i ha enaltit la gran labor social que realitza el Banc d&#8217;Aliments per a \u201cgarantir les necessitats b\u00e0siques a les persones m\u00e9s desfavorides de la prov\u00edncia\u201d.<\/p>\n\n\n\n<p>Un comprom\u00eds que es veu reflectit en este conveni que t\u00e9 com a finalitat millorar la qualitat de vida de totes les persones que viuen en esta terra. \u201cEn la Diputaci\u00f3 de Castell\u00f3 prioritzem a les persones en les nostres pol\u00edtiques perqu\u00e8 cap ciutad\u00e0 es quede arrere, assegurant aix\u00ed un progr\u00e9s real i equitatiu de la societat\u201d, ha ressaltat la dirigent provincial.<\/p>\n\n\n\n<p>Aix\u00ed doncs, l&#8217;objectiu del conveni que ha firmat la Diputaci\u00f3 de Castell\u00f3 amb el Banc d&#8217;Aliments \u00e9s finan\u00e7ar l&#8217;execuci\u00f3 del projecte \u2018Informaci\u00f3 a entitats col\u00b7laboradores, atenci\u00f3 social a les persones en situaci\u00f3 de vulnerabilitat, promoci\u00f3 i difusi\u00f3 en centres educatius dels valors de solidaritat i consum racional del menjar\u2019, la finalitat del qual \u00e9s l&#8217;atenci\u00f3 social a les persones en situacions de vulnerabilitat, aix\u00ed com conscienciar als joves en els centres educatius sobre la solidaritat i el consum racional del menjar.<\/p>\n\n\n\n<p>En este sentit, la m\u00e0xima representant de la instituci\u00f3 provincial, ha destacat que gr\u00e0cies a este conveni, \u201ca m\u00e9s de garantir l&#8217;alimentaci\u00f3 a les persones m\u00e9s necessitades de Castell\u00f3, tamb\u00e9 s&#8217;aconseguix conscienciar als m\u00e9s xicotets de la bona gesti\u00f3 dels aliments, una cosa fonamental\u201d. \u201c\u00c9s molt important que eduquem als xiquets, des de ben xicotets, a no malgastar aliments, perqu\u00e8 cada dia hi ha milers de persones que patixen fam\u201d, ha afegit Marta Barrachina.<\/p>\n\n\n\n<p>I, sens dubte, este conveni significa esperan\u00e7a per a totes les persones que lluiten cada dia per alimentar-se. Ac\u00ed el suport de 60.000 euros per a poder arribar a m\u00e9s persones i \u201cpoder ampliar el m\u00e0xim possible la cadena solid\u00e0ria que representa el Banc d&#8217;Aliments\u201d, ha indicat la presidenta provincial.<\/p>\n\n\n\n<p>\u201cLa voluntat de la Diputaci\u00f3 de Castell\u00f3 de col\u00b7laborar amb l&#8217;associaci\u00f3 Banc d&#8217;Aliments \u00e9s constant i continuarem treballant per a pal\u00b7liar la situaci\u00f3 de moltes fam\u00edlies de la nostra terra que viuen moments de precarietat social i econ\u00f2mica\u201d, ha assenyalat la dirigent provincial, qui ha posat l&#8217;accent en la \u201cincansable labor\u201d del Banc d&#8217;Aliments i ha assegurat que \u201cs&#8217;ha convertit en un pilar crucial per a moltes fam\u00edlies\u201d.<\/p>\n","protected":false},"excerpt":{"rendered":"<p>La Diputaci\u00f3 Provincial de Castell\u00f3 mostra el seu costat m\u00e9s solidari i renova el seu conveni de col\u00b7laboraci\u00f3 amb el Banc d&#8217;Aliments amb una subvenci\u00f3 de 60.000 euros. \u201cPer a la instituci\u00f3 provincial \u00e9s una prioritat promoure pol\u00edtiques i actuacions socials dirigides a les persones m\u00e9s vulnerables de la nostra terra, buscant sempre millorar la &#8230; <a title=\"La Diputaci\u00f3 de Castell\u00f3 refor\u00e7a la seua alian\u00e7a amb el Banc d&#8217;Aliments\" class=\"read-more\" href=\"https:\/\/elcafedepipa.com\/index.php\/2025\/06\/09\/la-diputacio-de-castello-reforca-la-seua-alianca-amb-el-banc-daliments\/\" aria-label=\"M\u00e9s informaci\u00f3 sobre La Diputaci\u00f3 de Castell\u00f3 refor\u00e7a la seua alian\u00e7a amb el Banc d&#8217;Aliments\">Read more<\/a><\/p>\n","protected":false},"author":2,"featured_media":14682,"comment_status":"closed","ping_status":"closed","sticky":false,"template":"","format":"standard","meta":{"om_disable_all_campaigns":false,"_monsterinsights_skip_tracking":false,"_monsterinsights_sitenote_active":false,"_monsterinsights_sitenote_note":"","_monsterinsights_sitenote_category":0,"_uf_show_specific_survey":0,"_uf_disable_surveys":false,"footnotes":""},"categories":[10],"tags":[],"class_list":["post-14681","post","type-post","status-publish","format-standard","has-post-thumbnail","hentry","category-provinciadecastello"],"_links":{"self":[{"href":"https:\/\/elcafedepipa.com\/index.php\/wp-json\/wp\/v2\/posts\/14681","targetHints":{"allow":["GET"]}}],"collection":[{"href":"https:\/\/elcafedepipa.com\/index.php\/wp-json\/wp\/v2\/posts"}],"about":[{"href":"https:\/\/elcafedepipa.com\/index.php\/wp-json\/wp\/v2\/types\/post"}],"author":[{"embeddable":true,"href":"https:\/\/elcafedepipa.com\/index.php\/wp-json\/wp\/v2\/users\/2"}],"replies":[{"embeddable":true,"href":"https:\/\/elcafedepipa.com\/index.php\/wp-json\/wp\/v2\/comments?post=14681"}],"version-history":[{"count":0,"href":"https:\/\/elcafedepipa.com\/index.php\/wp-json\/wp\/v2\/posts\/14681\/revisions"}],"wp:featuredmedia":[{"embeddable":true,"href":"https:\/\/elcafedepipa.com\/index.php\/wp-json\/wp\/v2\/media\/14682"}],"wp:attachment":[{"href":"https:\/\/elcafedepipa.com\/index.php\/wp-json\/wp\/v2\/media?parent=14681"}],"wp:term":[{"taxonomy":"category","embeddable":true,"href":"https:\/\/elcafedepipa.com\/index.php\/wp-json\/wp\/v2\/categories?post=14681"},{"taxonomy":"post_tag","embeddable":true,"href":"https:\/\/elcafedepipa.com\/index.php\/wp-json\/wp\/v2\/tags?post=14681"}],"curies":[{"name":"wp","href":"https:\/\/api.w.org\/{rel}","templated":true}]}}