{"id":14678,"date":"2025-06-09T13:50:52","date_gmt":"2025-06-09T11:50:52","guid":{"rendered":"https:\/\/elcafedepipa.com\/?p=14678"},"modified":"2025-06-09T13:50:53","modified_gmt":"2025-06-09T11:50:53","slug":"el-pspv-psoe-reclama-la-installacio-duna-estacio-fixa-ditv-a-la-vall-duixo","status":"publish","type":"post","link":"https:\/\/elcafedepipa.com\/index.php\/2025\/06\/09\/el-pspv-psoe-reclama-la-installacio-duna-estacio-fixa-ditv-a-la-vall-duixo\/","title":{"rendered":"El PSPV-PSOE reclama la instal\u00b7laci\u00f3 d&#8217;una estaci\u00f3 fixa d&#8217;ITV a la Vall d\u2019Uix\u00f3"},"content":{"rendered":"\n<p>El PSPV-PSOE de la Vall d&#8217;Uix\u00f3 ha reclamat a la Generalitat Valenciana la instal\u00b7laci\u00f3 d&#8217;una estaci\u00f3 fixa d&#8217;ITV a la ciutat. El portaveu socialista, Jorge Garc\u00eda, ha explicat que \u201cno \u00e9s un caprici\u201d sin\u00f3 \u201cuna necessitat real perqu\u00e8 hi ha moltes dificultats per obtenir cita en un servei b\u00e0sic i obligatori per als vehicles com aquest\u201d.<\/p>\n\n\n\n<p>El 2022 el Govern del Bot\u00e0nic va presentar les ubicacions de les noves estacions d&#8217;ITV a tota la Comunitat Valenciana i la Vall d&#8217;Uix\u00f3 estava en aquest mapa. Tal com ha recordat Garc\u00eda: \u201clamentablement el govern del PP que assessora Herminio Serra no \u00e9s capa\u00e7 de complir amb aquest projecte ja anunciat\u201d.<\/p>\n\n\n\n<p>Per aix\u00f2, el Partit Socialista presentar\u00e0 al ple municipal una moci\u00f3 perqu\u00e8 SITVAL, l&#8217;empresa p\u00fablica de la Generalitat Valenciana que gestiona la ITV, per reivindicar la instal\u00b7laci\u00f3 d&#8217;una instal\u00b7laci\u00f3 fixa a la Vall d&#8217;Uix\u00f3. Una petici\u00f3 \u201cjusta per a la nostra ciutat i per a la comarca\u201d i en qu\u00e8 espera comptar amb el suport del PP local.<\/p>\n\n\n\n<p>La instal\u00b7laci\u00f3 d&#8217;un punt d&#8217;inspecci\u00f3 t\u00e8cnica de vehicles a la Vall \u201c\u00e9s l\u00f2gica, perqu\u00e8 no n&#8217;hi ha cap entre Vila-real i Sagunt i nosaltres tenim una ubicaci\u00f3 perfecta, a prop de l&#8217;autovia, amb una poblaci\u00f3 de m\u00e9s de 32.000 habitants i que tamb\u00e9 donaria servei a tota la comarca\u201d.<\/p>\n\n\n\n<p>En aquest sentit, el portaveu ha mostrat sorpresa per &#8220;la ubicaci\u00f3 d\u00b4una estaci\u00f3 d\u00b4ITV a 10 minuts de la que ja existeix a Vila-real&#8221; i s\u00b4ha preguntat si aquesta decisi\u00f3 del PP &#8220;respon a interessos partidistes&#8221;. Aix\u00ed, ha afegit que &#8220;el president del Ventorro torna a donar l\u00b4esquena a la Vall&#8221; i ha demanat a Herminio Serra &#8220;que no pose excuses i defense els interessos dels vallers i valleres&#8221;.<\/p>\n\n\n\n<p>Per finalitzar, Garc\u00eda ha ressaltat que la Vall d\u2019Uix\u00f3 \u201cnecessita un nou govern progressista a la Generalitat Valenciana amb Diana Morant de presidenta, perqu\u00e8 tots aquests projectes que el Partit Popular ens nega siguen una realitat\u201d. Per aix\u00f2, ha demanat la convocat\u00f2ria d\u02bbeleccions &#8220;perqu\u00e8 el poble valenci\u00e0 puga decidir&#8221;.<br><\/p>\n","protected":false},"excerpt":{"rendered":"<p>El PSPV-PSOE de la Vall d&#8217;Uix\u00f3 ha reclamat a la Generalitat Valenciana la instal\u00b7laci\u00f3 d&#8217;una estaci\u00f3 fixa d&#8217;ITV a la ciutat. El portaveu socialista, Jorge Garc\u00eda, ha explicat que \u201cno \u00e9s un caprici\u201d sin\u00f3 \u201cuna necessitat real perqu\u00e8 hi ha moltes dificultats per obtenir cita en un servei b\u00e0sic i obligatori per als vehicles com &#8230; <a title=\"El PSPV-PSOE reclama la instal\u00b7laci\u00f3 d&#8217;una estaci\u00f3 fixa d&#8217;ITV a la Vall d\u2019Uix\u00f3\" class=\"read-more\" href=\"https:\/\/elcafedepipa.com\/index.php\/2025\/06\/09\/el-pspv-psoe-reclama-la-installacio-duna-estacio-fixa-ditv-a-la-vall-duixo\/\" aria-label=\"M\u00e9s informaci\u00f3 sobre El PSPV-PSOE reclama la instal\u00b7laci\u00f3 d&#8217;una estaci\u00f3 fixa d&#8217;ITV a la Vall d\u2019Uix\u00f3\">Read more<\/a><\/p>\n","protected":false},"author":2,"featured_media":14679,"comment_status":"closed","ping_status":"closed","sticky":false,"template":"","format":"standard","meta":{"om_disable_all_campaigns":false,"_monsterinsights_skip_tracking":false,"_monsterinsights_sitenote_active":false,"_monsterinsights_sitenote_note":"","_monsterinsights_sitenote_category":0,"_uf_show_specific_survey":0,"_uf_disable_surveys":false,"footnotes":""},"categories":[1],"tags":[],"class_list":["post-14678","post","type-post","status-publish","format-standard","has-post-thumbnail","hentry","category-non-classe"],"_links":{"self":[{"href":"https:\/\/elcafedepipa.com\/index.php\/wp-json\/wp\/v2\/posts\/14678","targetHints":{"allow":["GET"]}}],"collection":[{"href":"https:\/\/elcafedepipa.com\/index.php\/wp-json\/wp\/v2\/posts"}],"about":[{"href":"https:\/\/elcafedepipa.com\/index.php\/wp-json\/wp\/v2\/types\/post"}],"author":[{"embeddable":true,"href":"https:\/\/elcafedepipa.com\/index.php\/wp-json\/wp\/v2\/users\/2"}],"replies":[{"embeddable":true,"href":"https:\/\/elcafedepipa.com\/index.php\/wp-json\/wp\/v2\/comments?post=14678"}],"version-history":[{"count":0,"href":"https:\/\/elcafedepipa.com\/index.php\/wp-json\/wp\/v2\/posts\/14678\/revisions"}],"wp:featuredmedia":[{"embeddable":true,"href":"https:\/\/elcafedepipa.com\/index.php\/wp-json\/wp\/v2\/media\/14679"}],"wp:attachment":[{"href":"https:\/\/elcafedepipa.com\/index.php\/wp-json\/wp\/v2\/media?parent=14678"}],"wp:term":[{"taxonomy":"category","embeddable":true,"href":"https:\/\/elcafedepipa.com\/index.php\/wp-json\/wp\/v2\/categories?post=14678"},{"taxonomy":"post_tag","embeddable":true,"href":"https:\/\/elcafedepipa.com\/index.php\/wp-json\/wp\/v2\/tags?post=14678"}],"curies":[{"name":"wp","href":"https:\/\/api.w.org\/{rel}","templated":true}]}}