{"id":14659,"date":"2025-06-09T11:50:50","date_gmt":"2025-06-09T09:50:50","guid":{"rendered":"https:\/\/elcafedepipa.com\/?p=14659"},"modified":"2025-06-09T11:50:50","modified_gmt":"2025-06-09T09:50:50","slug":"el-pp-proposa-un-front-comu-per-a-frenar-lona-de-robatoris-que-patix-nules-i-planteja-installar-cambres-i-reforcar-plantilles-de-policia-local-i-guardia-civil","status":"publish","type":"post","link":"https:\/\/elcafedepipa.com\/index.php\/2025\/06\/09\/el-pp-proposa-un-front-comu-per-a-frenar-lona-de-robatoris-que-patix-nules-i-planteja-installar-cambres-i-reforcar-plantilles-de-policia-local-i-guardia-civil\/","title":{"rendered":"El PP proposa un \u201cfront com\u00fa\u201d per a frenar l&#8217;ona de robatoris que patix Nules i planteja instal\u00b7lar cambres i refor\u00e7ar plantilles de Policia Local i Gu\u00e0rdia Civil"},"content":{"rendered":"\n<p>El Partit Popular de Nules ha sol\u00b7licitat la celebraci\u00f3 d&#8217;un ple extraordinari per a forjar un \u201cfront com\u00fa\u201d que permeta frenar l&#8217;ona de robatoris que patix la localitat. Entre les iniciatives plantejades, la instal\u00b7laci\u00f3 de c\u00e0meres de vigil\u00e0ncia, \u201cja habilitades en altres municipis de la nostra prov\u00edncia amb bons resultats\u201d, aix\u00ed com el refor\u00e7 de plantilles de Policia Local i Gu\u00e0rdia Civil.<\/p>\n\n\n\n<p>La convocat\u00f2ria, tramitada la setmana passada per Jos\u00e9 Adsuara, portaveu del PP de Nules, i subscrita per PP i Vox, s&#8217;ha fixat per al dilluns 23 de juny a les 18.00 hores. \u201cL&#8217;objectiu \u00e9s avaluar el punt en el qual ens trobem. La necessitat d&#8217;atendre una realitat a la qual no podem donar l&#8217;esquena i que cada vegada m\u00e9s ciutadans patixen i exigixen resoldre\u201d.<\/p>\n\n\n\n<p>En este sentit, explica el regidor, \u201ca m\u00e9s d&#8217;exigir al govern d&#8217;esquerres que amplie la plantilla de la Policia Local i exigisca aix\u00ed mateix al Govern d&#8217;Espanya un increment dels agents de la Gu\u00e0rdia Civil destinats a Nules, tamb\u00e9 demanda inversi\u00f3 per a la casa caserna i la millora dels recursos materials de la infraestructura\u201d.<\/p>\n\n\n\n<p>De fet, planteja fins i tot emprendre accions legals davant el Ministeri de l&#8217;Interior \u201cper desistiment de funcions en el manteniment de l&#8217;aquarterament i el necessari increment de recursos econ\u00f2mics destinats tant a refor\u00e7ar equips personals com materials\u201d.<\/p>\n\n\n\n<p><strong>Responsabilitat conjunta<\/strong><\/p>\n\n\n\n<p>Des del PP confien que \u201ceste debat, que apel\u00b7la a la responsabilitat i s&#8217;allunya de les ideologies\u201d, aconseguisca \u201cacords que beneficien a Nules\u201d. \u201cEixa \u00e9s la meta i l&#8217;\u00fanic objectiu d&#8217;un ple que pret\u00e9n aportar solucions a problemes que patixen els ve\u00efns de Nules\u201d.<\/p>\n","protected":false},"excerpt":{"rendered":"<p>El Partit Popular de Nules ha sol\u00b7licitat la celebraci\u00f3 d&#8217;un ple extraordinari per a forjar un \u201cfront com\u00fa\u201d que permeta frenar l&#8217;ona de robatoris que patix la localitat. Entre les iniciatives plantejades, la instal\u00b7laci\u00f3 de c\u00e0meres de vigil\u00e0ncia, \u201cja habilitades en altres municipis de la nostra prov\u00edncia amb bons resultats\u201d, aix\u00ed com el refor\u00e7 de &#8230; <a title=\"El PP proposa un \u201cfront com\u00fa\u201d per a frenar l&#8217;ona de robatoris que patix Nules i planteja instal\u00b7lar cambres i refor\u00e7ar plantilles de Policia Local i Gu\u00e0rdia Civil\" class=\"read-more\" href=\"https:\/\/elcafedepipa.com\/index.php\/2025\/06\/09\/el-pp-proposa-un-front-comu-per-a-frenar-lona-de-robatoris-que-patix-nules-i-planteja-installar-cambres-i-reforcar-plantilles-de-policia-local-i-guardia-civil\/\" aria-label=\"M\u00e9s informaci\u00f3 sobre El PP proposa un \u201cfront com\u00fa\u201d per a frenar l&#8217;ona de robatoris que patix Nules i planteja instal\u00b7lar cambres i refor\u00e7ar plantilles de Policia Local i Gu\u00e0rdia Civil\">Read more<\/a><\/p>\n","protected":false},"author":2,"featured_media":14660,"comment_status":"closed","ping_status":"closed","sticky":false,"template":"","format":"standard","meta":{"om_disable_all_campaigns":false,"_monsterinsights_skip_tracking":false,"_monsterinsights_sitenote_active":false,"_monsterinsights_sitenote_note":"","_monsterinsights_sitenote_category":0,"_uf_show_specific_survey":0,"_uf_disable_surveys":false,"footnotes":""},"categories":[3],"tags":[],"class_list":["post-14659","post","type-post","status-publish","format-standard","has-post-thumbnail","hentry","category-nules"],"_links":{"self":[{"href":"https:\/\/elcafedepipa.com\/index.php\/wp-json\/wp\/v2\/posts\/14659","targetHints":{"allow":["GET"]}}],"collection":[{"href":"https:\/\/elcafedepipa.com\/index.php\/wp-json\/wp\/v2\/posts"}],"about":[{"href":"https:\/\/elcafedepipa.com\/index.php\/wp-json\/wp\/v2\/types\/post"}],"author":[{"embeddable":true,"href":"https:\/\/elcafedepipa.com\/index.php\/wp-json\/wp\/v2\/users\/2"}],"replies":[{"embeddable":true,"href":"https:\/\/elcafedepipa.com\/index.php\/wp-json\/wp\/v2\/comments?post=14659"}],"version-history":[{"count":0,"href":"https:\/\/elcafedepipa.com\/index.php\/wp-json\/wp\/v2\/posts\/14659\/revisions"}],"wp:featuredmedia":[{"embeddable":true,"href":"https:\/\/elcafedepipa.com\/index.php\/wp-json\/wp\/v2\/media\/14660"}],"wp:attachment":[{"href":"https:\/\/elcafedepipa.com\/index.php\/wp-json\/wp\/v2\/media?parent=14659"}],"wp:term":[{"taxonomy":"category","embeddable":true,"href":"https:\/\/elcafedepipa.com\/index.php\/wp-json\/wp\/v2\/categories?post=14659"},{"taxonomy":"post_tag","embeddable":true,"href":"https:\/\/elcafedepipa.com\/index.php\/wp-json\/wp\/v2\/tags?post=14659"}],"curies":[{"name":"wp","href":"https:\/\/api.w.org\/{rel}","templated":true}]}}