{"id":14656,"date":"2025-06-09T11:49:34","date_gmt":"2025-06-09T09:49:34","guid":{"rendered":"https:\/\/elcafedepipa.com\/?p=14656"},"modified":"2025-06-09T11:49:34","modified_gmt":"2025-06-09T09:49:34","slug":"lalcalde-de-moncofa-dona-suport-a-la-defensa-de-la-modificacio-de-la-llei-de-costes-en-el-congres-dels-diputats","status":"publish","type":"post","link":"https:\/\/elcafedepipa.com\/index.php\/2025\/06\/09\/lalcalde-de-moncofa-dona-suport-a-la-defensa-de-la-modificacio-de-la-llei-de-costes-en-el-congres-dels-diputats\/","title":{"rendered":"L\u2019alcalde de Moncofa dona suport a la defensa de la modificaci\u00f3 de la llei de costes en el Congr\u00e9s dels Diputats"},"content":{"rendered":"\n<p><strong>Wences Al\u00f3s viatja a Madrid per a donar suport a la presa en consideraci\u00f3 d\u2019una proposta clau per a la protecci\u00f3 del litoral tradicional<\/strong><\/p>\n\n\n\n<p>L&#8217;alcalde de Moncofa, Wences Al\u00f3s Valls, es traslladar\u00e0 este pr\u00f2xim dimarts 10 de juny a Madrid per a assistir al Congr\u00e9s dels Diputats i mostrar el seu suport a la presa en consideraci\u00f3 de la proposici\u00f3 de llei relativa a la modificaci\u00f3 de la Llei 22\/1988 de costes, en defensa de la preservaci\u00f3 dels conjunts urbans costaners de tipologia tradicional.<\/p>\n\n\n\n<p>Esta modificaci\u00f3 resulta especialment rellevant per al municipi de Moncofa, el nucli mar\u00edtim del qual, el Grau de Moncofa, presenta una tipologia urbana tradicional amb edificacions consolidades des de fa d\u00e8cades. L&#8217;actual llei de costes posa en risc la continu\u00eftat d&#8217;este entorn hist\u00f2ric i residencial, en considerar part de la seua trama urbana com a domini p\u00fablic mar\u00edtim-terrestre. Des de l&#8217;Ajuntament es reclama una legislaci\u00f3 que tinga en compte la realitat f\u00edsica, social i patrimonial del Grau, que evite la p\u00e8rdua de drets i en garantisca la conservaci\u00f3 i desenvolupament sostenible.<\/p>\n\n\n\n<p>El primer edil reafirma aix\u00ed el seu comprom\u00eds amb la protecci\u00f3 del litoral i recorda que ja va defendre activament la recent Llei d&#8217;ordenaci\u00f3 i protecci\u00f3 de la costa valenciana en Les Corts, qualificant-la com \u201cun pas avant en la defensa del patrimoni mediambiental, hist\u00f2ric i tur\u00edstic, tant p\u00fablic com privat\u201d. En paraules d&#8217;Al\u00f3s: \u201cNo actuar \u00e9s destruir. \u00c9s destruir platges, costes i medi ambient\u201d.<\/p>\n\n\n\n<p>Cal recordar que en 2024 el Senat ja va aprovar instar el Congr\u00e9s a la modificaci\u00f3 de la Llei de costes, per\u00f2 la Mesa del Congr\u00e9s ha posposat el debat parlamentari durant 447 dies, a causa de la majoria de PSOE-Sumar. Davant d\u2019esta situaci\u00f3 de bloqueig, el Grup Popular en el Congr\u00e9s ha decidit presentar directament la presa en consideraci\u00f3 d&#8217;esta proposici\u00f3 de llei.<\/p>\n\n\n\n<p>\u201cEncara que la llei valenciana ajudar\u00e0 a protegir les nostres costes, el que resulta estrictament necessari \u00e9s modificar la llei estatal, i hi ha dos partits que estan segrestant el debat durant quasi 450 dies\u201d, ha denunciat l&#8217;alcalde de Moncofa.<\/p>\n\n\n\n<p>Amb esta iniciativa, l&#8217;Ajuntament de Moncofa reitera el seu ferm comprom\u00eds en la defensa del litoral i la protecci\u00f3 del patrimoni costaner, tant en l&#8217;\u00e0mbit auton\u00f2mic com estatal.<\/p>\n","protected":false},"excerpt":{"rendered":"<p>Wences Al\u00f3s viatja a Madrid per a donar suport a la presa en consideraci\u00f3 d\u2019una proposta clau per a la protecci\u00f3 del litoral tradicional L&#8217;alcalde de Moncofa, Wences Al\u00f3s Valls, es traslladar\u00e0 este pr\u00f2xim dimarts 10 de juny a Madrid per a assistir al Congr\u00e9s dels Diputats i mostrar el seu suport a la presa &#8230; <a title=\"L\u2019alcalde de Moncofa dona suport a la defensa de la modificaci\u00f3 de la llei de costes en el Congr\u00e9s dels Diputats\" class=\"read-more\" href=\"https:\/\/elcafedepipa.com\/index.php\/2025\/06\/09\/lalcalde-de-moncofa-dona-suport-a-la-defensa-de-la-modificacio-de-la-llei-de-costes-en-el-congres-dels-diputats\/\" aria-label=\"M\u00e9s informaci\u00f3 sobre L\u2019alcalde de Moncofa dona suport a la defensa de la modificaci\u00f3 de la llei de costes en el Congr\u00e9s dels Diputats\">Read more<\/a><\/p>\n","protected":false},"author":2,"featured_media":14657,"comment_status":"closed","ping_status":"closed","sticky":false,"template":"","format":"standard","meta":{"om_disable_all_campaigns":false,"_monsterinsights_skip_tracking":false,"_monsterinsights_sitenote_active":false,"_monsterinsights_sitenote_note":"","_monsterinsights_sitenote_category":0,"_uf_show_specific_survey":0,"_uf_disable_surveys":false,"footnotes":""},"categories":[4],"tags":[],"class_list":["post-14656","post","type-post","status-publish","format-standard","has-post-thumbnail","hentry","category-moncofa"],"_links":{"self":[{"href":"https:\/\/elcafedepipa.com\/index.php\/wp-json\/wp\/v2\/posts\/14656","targetHints":{"allow":["GET"]}}],"collection":[{"href":"https:\/\/elcafedepipa.com\/index.php\/wp-json\/wp\/v2\/posts"}],"about":[{"href":"https:\/\/elcafedepipa.com\/index.php\/wp-json\/wp\/v2\/types\/post"}],"author":[{"embeddable":true,"href":"https:\/\/elcafedepipa.com\/index.php\/wp-json\/wp\/v2\/users\/2"}],"replies":[{"embeddable":true,"href":"https:\/\/elcafedepipa.com\/index.php\/wp-json\/wp\/v2\/comments?post=14656"}],"version-history":[{"count":0,"href":"https:\/\/elcafedepipa.com\/index.php\/wp-json\/wp\/v2\/posts\/14656\/revisions"}],"wp:featuredmedia":[{"embeddable":true,"href":"https:\/\/elcafedepipa.com\/index.php\/wp-json\/wp\/v2\/media\/14657"}],"wp:attachment":[{"href":"https:\/\/elcafedepipa.com\/index.php\/wp-json\/wp\/v2\/media?parent=14656"}],"wp:term":[{"taxonomy":"category","embeddable":true,"href":"https:\/\/elcafedepipa.com\/index.php\/wp-json\/wp\/v2\/categories?post=14656"},{"taxonomy":"post_tag","embeddable":true,"href":"https:\/\/elcafedepipa.com\/index.php\/wp-json\/wp\/v2\/tags?post=14656"}],"curies":[{"name":"wp","href":"https:\/\/api.w.org\/{rel}","templated":true}]}}