{"id":14648,"date":"2025-06-07T23:42:42","date_gmt":"2025-06-07T21:42:42","guid":{"rendered":"https:\/\/elcafedepipa.com\/?p=14648"},"modified":"2025-06-07T23:42:43","modified_gmt":"2025-06-07T21:42:43","slug":"nules-debat-sobre-diferents-aspectes-de-la-llei-de-costes-que-afecten-al-seu-litoral","status":"publish","type":"post","link":"https:\/\/elcafedepipa.com\/index.php\/2025\/06\/07\/nules-debat-sobre-diferents-aspectes-de-la-llei-de-costes-que-afecten-al-seu-litoral\/","title":{"rendered":"Nules debat sobre diferents aspectes de la Llei de Costes que afecten al seu litoral"},"content":{"rendered":"\n<p><strong>El Conseller de Medi Ambient participa tamb\u00e9 en aquesta jornada t\u00e8cnica<\/strong><\/p>\n\n\n\n<p>La poblaci\u00f3 de Nules ha albergat hui la jornada \u201cLa gesti\u00f3 del litoral: reptes i oportunitats a la platja de Nules\u201d, amb la qual Nules ha volgut debatre sobre diferents aspectes que afecten el seu litoral, principalment. Aix\u00ed, aquesta jornada s\u2019ha desenvolupat amb l\u2019objectiu de generar un espai de reflexi\u00f3, de debat i de propostes de present i de futur del litoral de Nules.<\/p>\n\n\n\n<p>La celebraci\u00f3 d\u2019aquesta jornada&nbsp; ha comptat amb l\u2019assist\u00e8ncia del Conseller de Medi Ambient, Infraestructures i Territori, Vicente Mart\u00ednez Mus, qui ha participat juntament amb l\u2019Alcalde de Nules, David Garc\u00eda, a la taula redona \u201cLes casetes de Nules i la regeneraci\u00f3 del litoral davant els nous escenaris legislatius\u201d on s\u2019ha parlat de la nova llei de Costes de la Comunitat Valenciana.&nbsp;<\/p>\n\n\n\n<p>Aix\u00ed mateix, tamb\u00e9 ha comptat amb la pres\u00e8ncia de professionals i experts en mat\u00e8ria de costes com ara el catedr\u00e0tic de Ports i Costes a la Universitat Polit\u00e8cnica de Val\u00e8ncia (UPV), Jos\u00e9 Serra, qui ha impartit la pon\u00e8ncia \u201cAlternatives de regeneraci\u00f3\u201d&nbsp; o l\u2019advocada de Dret&nbsp; P\u00fablic i professora d\u2019Urbanisme i Medi Ambient a la Universitat Polit\u00e8cnica de Val\u00e8ncia (UPV), &nbsp;Salma Cantos, qui ha protagonitzat la xerrada sobre \u201cProtecci\u00f3 de la costa: accions legals per a la regeneraci\u00f3 i presentaci\u00f3 proposada nova Llei de Costes per via ILP\u201d.<\/p>\n\n\n\n<p>En aquest sentit, aquesta jornada, que ha estat organitzada per l\u2019Ajuntament de Nules, ha comptat tamb\u00e9 amb la pres\u00e8ncia d\u2019una important representaci\u00f3 de les diferents associacions de la mar de Nules com ara l\u2019Associaci\u00f3 de ve\u00efns Mare de D\u00e9u del Carme, l\u2019Associaci\u00f3 Platges de Nules, i l\u2019Associaci\u00f3 de ve\u00efns de la Platja de Nules.<\/p>\n\n\n\n<p>Amb tot, la jornada ha tractat diferents assumptes relacionats amb la situaci\u00f3, problem\u00e0tica i valors del litoral de Nules. L\u2019Alcalde, David Garc\u00eda, explica que \u201den aquesta jornada s\u2019han exposat les estrat\u00e8gies que estem seguint per a defendre les nostres platges davant l\u2019actual llei de Costes que considerem que \u00e9s arbitr\u00e0ria i que afecta greument al nostre poblat mar\u00edtim, de manera que professionals i experts jur\u00eddics en aquesta mat\u00e8ria com Salma Cantos o Jos\u00e9 Serra, que estan defenent a l\u2019Ajuntament de Nules en els plets amb Costes han exposat les actuacions fetes fins ara i tamb\u00e9 el punt en el que es troben actualment\u201d. &nbsp;&nbsp;<\/p>\n\n\n\n<p>Des de la construcci\u00f3 del port de Borriana, a finals dels anys vint del segle passat, i les successives ampliacions fetes, sense la realitzaci\u00f3 d\u2019actuacions de defensa del litoral de les platges de Nules durant d\u00e8cades, la regressi\u00f3 de la costa de Nules ha provocat la p\u00e8rdua de centenars d\u2019hect\u00e0rees de s\u00f2l del terme municipal, perjudicant a propietats p\u00fabliques i privades.\u00a0\u00a0\u00a0\u00a0\u00a0<\/p>\n\n\n\n<figure class=\"wp-block-image size-large\"><img fetchpriority=\"high\" decoding=\"async\" width=\"1024\" height=\"768\" src=\"https:\/\/elcafedepipa.com\/wp-content\/uploads\/2025\/06\/20250607_100449-1024x768.jpg\" alt=\"\" class=\"wp-image-14650\" srcset=\"https:\/\/elcafedepipa.com\/wp-content\/uploads\/2025\/06\/20250607_100449-1024x768.jpg 1024w, https:\/\/elcafedepipa.com\/wp-content\/uploads\/2025\/06\/20250607_100449-300x225.jpg 300w, https:\/\/elcafedepipa.com\/wp-content\/uploads\/2025\/06\/20250607_100449-768x576.jpg 768w, https:\/\/elcafedepipa.com\/wp-content\/uploads\/2025\/06\/20250607_100449-1536x1152.jpg 1536w, https:\/\/elcafedepipa.com\/wp-content\/uploads\/2025\/06\/20250607_100449-2048x1536.jpg 2048w\" sizes=\"(max-width: 1024px) 100vw, 1024px\" \/><\/figure>\n","protected":false},"excerpt":{"rendered":"<p>El Conseller de Medi Ambient participa tamb\u00e9 en aquesta jornada t\u00e8cnica La poblaci\u00f3 de Nules ha albergat hui la jornada \u201cLa gesti\u00f3 del litoral: reptes i oportunitats a la platja de Nules\u201d, amb la qual Nules ha volgut debatre sobre diferents aspectes que afecten el seu litoral, principalment. Aix\u00ed, aquesta jornada s\u2019ha desenvolupat amb l\u2019objectiu &#8230; <a title=\"Nules debat sobre diferents aspectes de la Llei de Costes que afecten al seu litoral\" class=\"read-more\" href=\"https:\/\/elcafedepipa.com\/index.php\/2025\/06\/07\/nules-debat-sobre-diferents-aspectes-de-la-llei-de-costes-que-afecten-al-seu-litoral\/\" aria-label=\"M\u00e9s informaci\u00f3 sobre Nules debat sobre diferents aspectes de la Llei de Costes que afecten al seu litoral\">Read more<\/a><\/p>\n","protected":false},"author":2,"featured_media":14649,"comment_status":"closed","ping_status":"closed","sticky":false,"template":"","format":"standard","meta":{"om_disable_all_campaigns":false,"_monsterinsights_skip_tracking":false,"_monsterinsights_sitenote_active":false,"_monsterinsights_sitenote_note":"","_monsterinsights_sitenote_category":0,"_uf_show_specific_survey":0,"_uf_disable_surveys":false,"footnotes":""},"categories":[3],"tags":[],"class_list":["post-14648","post","type-post","status-publish","format-standard","has-post-thumbnail","hentry","category-nules"],"_links":{"self":[{"href":"https:\/\/elcafedepipa.com\/index.php\/wp-json\/wp\/v2\/posts\/14648","targetHints":{"allow":["GET"]}}],"collection":[{"href":"https:\/\/elcafedepipa.com\/index.php\/wp-json\/wp\/v2\/posts"}],"about":[{"href":"https:\/\/elcafedepipa.com\/index.php\/wp-json\/wp\/v2\/types\/post"}],"author":[{"embeddable":true,"href":"https:\/\/elcafedepipa.com\/index.php\/wp-json\/wp\/v2\/users\/2"}],"replies":[{"embeddable":true,"href":"https:\/\/elcafedepipa.com\/index.php\/wp-json\/wp\/v2\/comments?post=14648"}],"version-history":[{"count":0,"href":"https:\/\/elcafedepipa.com\/index.php\/wp-json\/wp\/v2\/posts\/14648\/revisions"}],"wp:featuredmedia":[{"embeddable":true,"href":"https:\/\/elcafedepipa.com\/index.php\/wp-json\/wp\/v2\/media\/14649"}],"wp:attachment":[{"href":"https:\/\/elcafedepipa.com\/index.php\/wp-json\/wp\/v2\/media?parent=14648"}],"wp:term":[{"taxonomy":"category","embeddable":true,"href":"https:\/\/elcafedepipa.com\/index.php\/wp-json\/wp\/v2\/categories?post=14648"},{"taxonomy":"post_tag","embeddable":true,"href":"https:\/\/elcafedepipa.com\/index.php\/wp-json\/wp\/v2\/tags?post=14648"}],"curies":[{"name":"wp","href":"https:\/\/api.w.org\/{rel}","templated":true}]}}