{"id":14641,"date":"2025-06-06T15:00:31","date_gmt":"2025-06-06T13:00:31","guid":{"rendered":"https:\/\/elcafedepipa.com\/?p=14641"},"modified":"2025-06-06T15:00:32","modified_gmt":"2025-06-06T13:00:32","slug":"la-desestacionalitzacio-turistica-i-les-politiques-industrials-impulsen-la-creacio-docupacio-a-moncofa-que-consolida-la-tendencia-a-la-baixa-en-les-xifres-de-latur","status":"publish","type":"post","link":"https:\/\/elcafedepipa.com\/index.php\/2025\/06\/06\/la-desestacionalitzacio-turistica-i-les-politiques-industrials-impulsen-la-creacio-docupacio-a-moncofa-que-consolida-la-tendencia-a-la-baixa-en-les-xifres-de-latur\/","title":{"rendered":"La desestacionalitzaci\u00f3 tur\u00edstica i les pol\u00edtiques industrials impulsen la creaci\u00f3 d\u2019ocupaci\u00f3 a Moncofa, que consolida la tend\u00e8ncia a la baixa en les xifres de l\u2019atur"},"content":{"rendered":"\n<p>Moncofa ha registrat a l&#8217;abril de 2025 una taxa d&#8217;atur del 9,27 %, amb 350 persones desocupades, la qual cosa suposa una millora significativa respecte al mateix mes de 2024 (9,96 %) i consolida una tend\u00e8ncia descendent iniciada despr\u00e9s de la pand\u00e8mia. En comparaci\u00f3 amb 2020, quan es va arribar a una taxa de l\u201911,57 % i 393 persones en atur, la reducci\u00f3 ha sigut especialment destacable, tant en termes percentuals com en valors absoluts.<\/p>\n\n\n\n<p>L&#8217;alcalde de Moncofa, Wences Al\u00f3s, ha valorat estes dades com un reflex de l&#8217;impacte positiu que estan tenint les pol\u00edtiques impulsades des de l&#8217;Ajuntament, encaminades sobretot a la desestacionalitzaci\u00f3 tur\u00edstica i a la industrialitzaci\u00f3 local. \u201cSi b\u00e9 encara queda faena per davant, les dades indiquen que anem pel bon cam\u00ed. La comparativa entre la situaci\u00f3 en 2020 amb l&#8217;actual \u00e9s molt significativa; malgrat l&#8217;augment de la poblaci\u00f3 que hem experimentat en estos anys, comprovem que el descens de l&#8217;atur ha sigut molt important, tant en terme relatius com en xifres absolutes\u201d, valora el primer edil.<\/p>\n\n\n\n<p>L&#8217;an\u00e0lisi de les \u00faltimes dades de l&#8217;atur situa Moncofa en una millor posici\u00f3 que altres municipis pr\u00f2xims com la Vall d&#8217;Uix\u00f3 (11,23 % d&#8217;atur, 1.661 aturats) o Onda, amb una taxa del 12,94 %. Tamb\u00e9 millora les dades d&#8217;altres poblacions com Almassora o l&#8217;Alcora.<\/p>\n\n\n\n<p>Segons l&#8217;alcalde, estos resultats s\u00f3n fruit de \u201cl\u2019esfor\u00e7 constant de l&#8217;Ajuntament per impulsar la creaci\u00f3 d&#8217;ocupaci\u00f3 en la localitat\u201d. Tradicionalment agr\u00e0ria i, des de fa alguns amb preponder\u00e0ncia del sector tur\u00edstic, Moncofa ha evolucionat en els \u00faltims anys cap a un model econ\u00f2mic mixt amb turisme durant tot l&#8217;any i una creixent implantaci\u00f3 del sector industrial. \u201cEstem aconseguint que el turisme a Moncofa siga de 365 dies a l&#8217;any, la qual cosa genera m\u00e9s estabilitat laboral en este sector. A m\u00e9s, l&#8217;aposta decidida per la industrialitzaci\u00f3 ha perm\u00e9s el desenvolupament d&#8217;un sector cer\u00e0mic potent, que genera ocupaci\u00f3 no sols en el municipi, sin\u00f3 per a tota la comarca\u201d, destaca Al\u00f3s.<\/p>\n\n\n\n<p>A pesar de l&#8217;increment de la poblaci\u00f3 \u2014de 6.707 habitants en 2020 a 7.944 en 2025\u2014, el nombre de persones desocupades ha baixat de manera not\u00f2ria. En esta l\u00ednia, el regidor d&#8217;Ocupaci\u00f3, Jos\u00e9 Mar\u00eda Andr\u00e9s, ha destacat que \u201cles pol\u00edtiques actives de creaci\u00f3 d&#8217;ocupaci\u00f3 i els plans espec\u00edfics estan funcionant\u201d. \u201cProgrames com el Pla d&#8217;Ocupaci\u00f3 Local o els tallers d&#8217;ocupaci\u00f3, dirigits a persones empadronades en el municipi als qui s&#8217;oferix formaci\u00f3 i certificats de capacitaci\u00f3, s&#8217;han demostrat un instrument efica\u00e7 per a millorar l&#8217;ocupabilitat i reduir l&#8217;atur\u201d, assenyala. Estos programes, a m\u00e9s, \u201cpermeten cobrir necessitats del mateix Ajuntament, com els serveis de millora urbana o atenci\u00f3 social, mentres es forma els participants per a accedir a una ocupaci\u00f3 en el sector privat en el futur\u201d, conclou.<\/p>\n\n\n\n<p><\/p>\n","protected":false},"excerpt":{"rendered":"<p>Moncofa ha registrat a l&#8217;abril de 2025 una taxa d&#8217;atur del 9,27 %, amb 350 persones desocupades, la qual cosa suposa una millora significativa respecte al mateix mes de 2024 (9,96 %) i consolida una tend\u00e8ncia descendent iniciada despr\u00e9s de la pand\u00e8mia. En comparaci\u00f3 amb 2020, quan es va arribar a una taxa de l\u201911,57 &#8230; <a title=\"La desestacionalitzaci\u00f3 tur\u00edstica i les pol\u00edtiques industrials impulsen la creaci\u00f3 d\u2019ocupaci\u00f3 a Moncofa, que consolida la tend\u00e8ncia a la baixa en les xifres de l\u2019atur\" class=\"read-more\" href=\"https:\/\/elcafedepipa.com\/index.php\/2025\/06\/06\/la-desestacionalitzacio-turistica-i-les-politiques-industrials-impulsen-la-creacio-docupacio-a-moncofa-que-consolida-la-tendencia-a-la-baixa-en-les-xifres-de-latur\/\" aria-label=\"M\u00e9s informaci\u00f3 sobre La desestacionalitzaci\u00f3 tur\u00edstica i les pol\u00edtiques industrials impulsen la creaci\u00f3 d\u2019ocupaci\u00f3 a Moncofa, que consolida la tend\u00e8ncia a la baixa en les xifres de l\u2019atur\">Read more<\/a><\/p>\n","protected":false},"author":2,"featured_media":14642,"comment_status":"closed","ping_status":"closed","sticky":false,"template":"","format":"standard","meta":{"om_disable_all_campaigns":false,"_monsterinsights_skip_tracking":false,"_monsterinsights_sitenote_active":false,"_monsterinsights_sitenote_note":"","_monsterinsights_sitenote_category":0,"_uf_show_specific_survey":0,"_uf_disable_surveys":false,"footnotes":""},"categories":[4],"tags":[],"class_list":["post-14641","post","type-post","status-publish","format-standard","has-post-thumbnail","hentry","category-moncofa"],"_links":{"self":[{"href":"https:\/\/elcafedepipa.com\/index.php\/wp-json\/wp\/v2\/posts\/14641","targetHints":{"allow":["GET"]}}],"collection":[{"href":"https:\/\/elcafedepipa.com\/index.php\/wp-json\/wp\/v2\/posts"}],"about":[{"href":"https:\/\/elcafedepipa.com\/index.php\/wp-json\/wp\/v2\/types\/post"}],"author":[{"embeddable":true,"href":"https:\/\/elcafedepipa.com\/index.php\/wp-json\/wp\/v2\/users\/2"}],"replies":[{"embeddable":true,"href":"https:\/\/elcafedepipa.com\/index.php\/wp-json\/wp\/v2\/comments?post=14641"}],"version-history":[{"count":0,"href":"https:\/\/elcafedepipa.com\/index.php\/wp-json\/wp\/v2\/posts\/14641\/revisions"}],"wp:featuredmedia":[{"embeddable":true,"href":"https:\/\/elcafedepipa.com\/index.php\/wp-json\/wp\/v2\/media\/14642"}],"wp:attachment":[{"href":"https:\/\/elcafedepipa.com\/index.php\/wp-json\/wp\/v2\/media?parent=14641"}],"wp:term":[{"taxonomy":"category","embeddable":true,"href":"https:\/\/elcafedepipa.com\/index.php\/wp-json\/wp\/v2\/categories?post=14641"},{"taxonomy":"post_tag","embeddable":true,"href":"https:\/\/elcafedepipa.com\/index.php\/wp-json\/wp\/v2\/tags?post=14641"}],"curies":[{"name":"wp","href":"https:\/\/api.w.org\/{rel}","templated":true}]}}