{"id":14616,"date":"2025-06-06T12:13:41","date_gmt":"2025-06-06T10:13:41","guid":{"rendered":"https:\/\/elcafedepipa.com\/?p=14616"},"modified":"2025-06-06T12:13:42","modified_gmt":"2025-06-06T10:13:42","slug":"la-diputacio-de-castello-reforca-el-seu-compromis-amb-els-municipis-mes-xicotets-portant-a-ain-el-dia-de-la-provincia-2025","status":"publish","type":"post","link":"https:\/\/elcafedepipa.com\/index.php\/2025\/06\/06\/la-diputacio-de-castello-reforca-el-seu-compromis-amb-els-municipis-mes-xicotets-portant-a-ain-el-dia-de-la-provincia-2025\/","title":{"rendered":"La Diputaci\u00f3 de Castell\u00f3 refor\u00e7a el seu comprom\u00eds amb els municipis m\u00e9s xicotets portant a A\u00edn el Dia de la Prov\u00edncia 2025"},"content":{"rendered":"\n<p>El xicotet municipi de la Plana Baixa s&#8217;engalanar\u00e0 el divendres 26 de setembre per a acollir el Dia de la Prov\u00edncia. Aix\u00ed ho ha anunciat la presidenta de la Diputaci\u00f3, Marta Barrachina qui ha visitat este divendres el municipi. \u201cEn menys de quatre mesos A\u00edn compartir\u00e0 protagonisme amb els qui fan m\u00e9s gran la prov\u00edncia de Castell\u00f3 a trav\u00e9s de la seua implicaci\u00f3 amb esta terra, la seua solidaritat, la seua innovaci\u00f3, l&#8217;esport i la cultura\u201d.<\/p>\n\n\n\n<p>L&#8217;elecci\u00f3 d&#8217;A\u00edn com a municipi protagonista per a la present edici\u00f3 del Dia de la Prov\u00edncia \u201crespon al nostre comprom\u00eds per fer que els pobles siguen els verdaders i grans protagonistes d&#8217;esta Diputaci\u00f3\u201d, ha incidit Marta Barrachina.<\/p>\n\n\n\n<p>Aix\u00ed, el municipi d&#8217;A\u00edn arreplega el testimoni de T\u00edrig, localitat que l&#8217;any passat va acollir el Dia de la Prov\u00edncia, sent la primera edici\u00f3 en la qual esta celebraci\u00f3 es va dur a terme en l&#8217;ess\u00e8ncia de la prov\u00edncia, en els seus municipis. Quant al dia de celebraci\u00f3, respon a l&#8217;anunci que ja va realitzar l&#8217;any passat la presidenta de la Diputaci\u00f3 de traslladar la data al quart trimestre de l&#8217;any. Amb tot, el pr\u00f2xim 26 de setembre, A\u00edn ser\u00e0 l&#8217;escenari que acollir\u00e0 l&#8217;acte de lliurament dels guardons.<\/p>\n\n\n\n<p>Un espai que acollir\u00e0 el reconeixement al Peri\u00f3dico Mediter\u00e1neo amb l&#8217;Alta Distinci\u00f3, enaltint aix\u00ed els cent anys d&#8217;hist\u00f2ria de periodisme local. Des de la seua fundaci\u00f3 en 1925 com el Diario de Castell\u00f3n, el&nbsp;Peri\u00f3dico&nbsp;Mediterr\u00e1neo s&#8217;ha consolidat com un referent en el periodisme local i, a trav\u00e9s de les seues p\u00e0gines, el seu equip redaccional ha relatat el dia a dia de la prov\u00edncia, sent testimoni directe dels fets i esdeveniments que han marcat la nostra hist\u00f2ria com a prov\u00edncia.<\/p>\n\n\n\n<p>Al costat de l&#8217;Alta Distinci\u00f3, el Dia de la Prov\u00edncia 2025 tamb\u00e9 atorgar\u00e0 M\u00e8rits. D&#8217;una banda, la Diputaci\u00f3 de Castell\u00f3 enaltir\u00e0 a&nbsp;Kiko&nbsp;Garc\u00eda&nbsp;com a figura clau en la projecci\u00f3 de La Vuelta amb la distinci\u00f3 al M\u00e8rit Esportiu. El burrianense que ve organitzant La Vuelta a Espanya des de l&#8217;any 2015 com a director t\u00e8cnic de la competici\u00f3.<\/p>\n\n\n\n<p>Amb el M\u00e8rit de les Arts, la Diputaci\u00f3 de Castell\u00f3 distingir\u00e0 a&nbsp;Eloy&nbsp;Moreno. La instituci\u00f3 provincial enaltir\u00e0 a l&#8217;escriptor castellonenc que des que publicara la seua primera novel\u00b7la \u2018El bol\u00edgrafo de gel verde\u2019, ha aconseguit ser autor s\u00faper vendes amb m\u00e9s de dos milions d&#8217;exemplars venuts, a m\u00e9s de portar a la pantalla l&#8217;adaptaci\u00f3 a s\u00e8rie del seu exit\u00f3s \u2018Invisible\u2019 i aconseguir batre el r\u00e8cord mundial de firmes.<\/p>\n\n\n\n<p>En l&#8217;apartat de la innovaci\u00f3, La Diputaci\u00f3 de Castell\u00f3 distingir\u00e0 a Juana Crespo. La instituci\u00f3 provincial far\u00e0 lliurament del M\u00e8rit a la Innovaci\u00f3 a la doctora, natural de Pen\u00edscola, que compta amb una extensa carrera en fertilitat i la seua experi\u00e8ncia resolent casos complexos li han convertit en tot un referent d&#8217;un model de medicina reproductiu \u00fanic i innovador.<\/p>\n\n\n\n<p>Aix\u00ed mateix, la Diputaci\u00f3 far\u00e0 visible l&#8217;encomiable labor del Col\u00b7legi Oficial de Psicologia amb el M\u00e8rit Solidari en el Dia de la Prov\u00edncia. La instituci\u00f3 provincial reconeixer\u00e0 al col\u00b7legi de professionals que fa una tasca social encomiable, normalment silenciosa, quasi mai reconeguda i que sempre estan en els casos m\u00e9s urgents i necessaris.<\/p>\n","protected":false},"excerpt":{"rendered":"<p>El xicotet municipi de la Plana Baixa s&#8217;engalanar\u00e0 el divendres 26 de setembre per a acollir el Dia de la Prov\u00edncia. Aix\u00ed ho ha anunciat la presidenta de la Diputaci\u00f3, Marta Barrachina qui ha visitat este divendres el municipi. \u201cEn menys de quatre mesos A\u00edn compartir\u00e0 protagonisme amb els qui fan m\u00e9s gran la prov\u00edncia &#8230; <a title=\"La Diputaci\u00f3 de Castell\u00f3 refor\u00e7a el seu comprom\u00eds amb els municipis m\u00e9s xicotets portant a A\u00edn el Dia de la Prov\u00edncia 2025\" class=\"read-more\" href=\"https:\/\/elcafedepipa.com\/index.php\/2025\/06\/06\/la-diputacio-de-castello-reforca-el-seu-compromis-amb-els-municipis-mes-xicotets-portant-a-ain-el-dia-de-la-provincia-2025\/\" aria-label=\"M\u00e9s informaci\u00f3 sobre La Diputaci\u00f3 de Castell\u00f3 refor\u00e7a el seu comprom\u00eds amb els municipis m\u00e9s xicotets portant a A\u00edn el Dia de la Prov\u00edncia 2025\">Read more<\/a><\/p>\n","protected":false},"author":2,"featured_media":14617,"comment_status":"closed","ping_status":"closed","sticky":false,"template":"","format":"standard","meta":{"om_disable_all_campaigns":false,"_monsterinsights_skip_tracking":false,"_monsterinsights_sitenote_active":false,"_monsterinsights_sitenote_note":"","_monsterinsights_sitenote_category":0,"_uf_show_specific_survey":0,"_uf_disable_surveys":false,"footnotes":""},"categories":[10],"tags":[],"class_list":["post-14616","post","type-post","status-publish","format-standard","has-post-thumbnail","hentry","category-provinciadecastello"],"_links":{"self":[{"href":"https:\/\/elcafedepipa.com\/index.php\/wp-json\/wp\/v2\/posts\/14616","targetHints":{"allow":["GET"]}}],"collection":[{"href":"https:\/\/elcafedepipa.com\/index.php\/wp-json\/wp\/v2\/posts"}],"about":[{"href":"https:\/\/elcafedepipa.com\/index.php\/wp-json\/wp\/v2\/types\/post"}],"author":[{"embeddable":true,"href":"https:\/\/elcafedepipa.com\/index.php\/wp-json\/wp\/v2\/users\/2"}],"replies":[{"embeddable":true,"href":"https:\/\/elcafedepipa.com\/index.php\/wp-json\/wp\/v2\/comments?post=14616"}],"version-history":[{"count":0,"href":"https:\/\/elcafedepipa.com\/index.php\/wp-json\/wp\/v2\/posts\/14616\/revisions"}],"wp:featuredmedia":[{"embeddable":true,"href":"https:\/\/elcafedepipa.com\/index.php\/wp-json\/wp\/v2\/media\/14617"}],"wp:attachment":[{"href":"https:\/\/elcafedepipa.com\/index.php\/wp-json\/wp\/v2\/media?parent=14616"}],"wp:term":[{"taxonomy":"category","embeddable":true,"href":"https:\/\/elcafedepipa.com\/index.php\/wp-json\/wp\/v2\/categories?post=14616"},{"taxonomy":"post_tag","embeddable":true,"href":"https:\/\/elcafedepipa.com\/index.php\/wp-json\/wp\/v2\/tags?post=14616"}],"curies":[{"name":"wp","href":"https:\/\/api.w.org\/{rel}","templated":true}]}}