{"id":14613,"date":"2025-06-06T11:31:53","date_gmt":"2025-06-06T09:31:53","guid":{"rendered":"https:\/\/elcafedepipa.com\/?p=14613"},"modified":"2025-06-06T11:31:54","modified_gmt":"2025-06-06T09:31:54","slug":"alfondeguilla-adequara-lentorn-del-castell-dalfandech-amb-una-subvencio-de-la-generalitat","status":"publish","type":"post","link":"https:\/\/elcafedepipa.com\/index.php\/2025\/06\/06\/alfondeguilla-adequara-lentorn-del-castell-dalfandech-amb-una-subvencio-de-la-generalitat\/","title":{"rendered":"Alfondeguilla adequar\u00e0 l&#8217;entorn del Castell d&#8217;Alfandech amb una subvenci\u00f3 de la Generalitat"},"content":{"rendered":"\n<ul class=\"wp-block-list\">\n<li><strong>L&#8217;Ajuntament ha rebut 150.000 euros per a l&#8217;estudi arqueol\u00f2gic i la seua consolidaci\u00f3<\/strong><\/li>\n<\/ul>\n\n\n\n<p>L&#8217;Ajuntament d&#8217;Alfondeguilla adequar\u00e0 l&#8217;entorn del Castell d&#8217;Alfadech amb una subvenci\u00f3 de 150.000 euros aprovada per la Conselleria de Cultura que permetr\u00e0 al municipi realitzar l&#8217;estudi arqueol\u00f2gic i la consolidaci\u00f3 d&#8217;este emblema patrimonial, la qual cosa permetr\u00e0 revitalitzar la zona m\u00e9s antiga.<\/p>\n\n\n\n<p>Esta ajuda permetr\u00e0 a l&#8217;Ajuntament d&#8217;Alfondeguilla posar en valor \u2018el Pil\u00f3\u2019 i adequar tot el seu entorn. En este sentit, l&#8217;alcalde, Salvador Ventura, ha assegurat que \u201cestem bolcats en la recuperaci\u00f3 i posada en valor del nostre patrimoni hist\u00f2ric, i esta subvenci\u00f3 de la Generalitat per al Castell d&#8217;Alfandech \u00e9s un pas important en eixa direcci\u00f3\u201d.<\/p>\n\n\n\n<p>\u201cEls 150.000 euros no sols ens permetran dur a terme un rigor\u00f3s estudi arqueol\u00f2gic que revelar\u00e0 m\u00e9s secrets del nostre passat, sin\u00f3 que tamb\u00e9 ens donaran l&#8217;oportunitat de consolidar i preservar l&#8217;estructura de &#8216;el Pil\u00f3&#8217;, garantint que les futures generacions puguen admirar-lo i aprendre d&#8217;ell. \u00c9s una inversi\u00f3 en el nostre passat, s\u00ed, per\u00f2 tamb\u00e9 en el nostre futur cultural i tur\u00edstic\u201d, ha apuntat Ventura.<\/p>\n","protected":false},"excerpt":{"rendered":"<p>L&#8217;Ajuntament d&#8217;Alfondeguilla adequar\u00e0 l&#8217;entorn del Castell d&#8217;Alfadech amb una subvenci\u00f3 de 150.000 euros aprovada per la Conselleria de Cultura que permetr\u00e0 al municipi realitzar l&#8217;estudi arqueol\u00f2gic i la consolidaci\u00f3 d&#8217;este emblema patrimonial, la qual cosa permetr\u00e0 revitalitzar la zona m\u00e9s antiga. Esta ajuda permetr\u00e0 a l&#8217;Ajuntament d&#8217;Alfondeguilla posar en valor \u2018el Pil\u00f3\u2019 i adequar tot &#8230; <a title=\"Alfondeguilla adequar\u00e0 l&#8217;entorn del Castell d&#8217;Alfandech amb una subvenci\u00f3 de la Generalitat\" class=\"read-more\" href=\"https:\/\/elcafedepipa.com\/index.php\/2025\/06\/06\/alfondeguilla-adequara-lentorn-del-castell-dalfandech-amb-una-subvencio-de-la-generalitat\/\" aria-label=\"M\u00e9s informaci\u00f3 sobre Alfondeguilla adequar\u00e0 l&#8217;entorn del Castell d&#8217;Alfandech amb una subvenci\u00f3 de la Generalitat\">Read more<\/a><\/p>\n","protected":false},"author":2,"featured_media":14614,"comment_status":"closed","ping_status":"closed","sticky":false,"template":"","format":"standard","meta":{"om_disable_all_campaigns":false,"_monsterinsights_skip_tracking":false,"_monsterinsights_sitenote_active":false,"_monsterinsights_sitenote_note":"","_monsterinsights_sitenote_category":0,"_uf_show_specific_survey":0,"_uf_disable_surveys":false,"footnotes":""},"categories":[9],"tags":[],"class_list":["post-14613","post","type-post","status-publish","format-standard","has-post-thumbnail","hentry","category-alfondeguilla"],"_links":{"self":[{"href":"https:\/\/elcafedepipa.com\/index.php\/wp-json\/wp\/v2\/posts\/14613","targetHints":{"allow":["GET"]}}],"collection":[{"href":"https:\/\/elcafedepipa.com\/index.php\/wp-json\/wp\/v2\/posts"}],"about":[{"href":"https:\/\/elcafedepipa.com\/index.php\/wp-json\/wp\/v2\/types\/post"}],"author":[{"embeddable":true,"href":"https:\/\/elcafedepipa.com\/index.php\/wp-json\/wp\/v2\/users\/2"}],"replies":[{"embeddable":true,"href":"https:\/\/elcafedepipa.com\/index.php\/wp-json\/wp\/v2\/comments?post=14613"}],"version-history":[{"count":0,"href":"https:\/\/elcafedepipa.com\/index.php\/wp-json\/wp\/v2\/posts\/14613\/revisions"}],"wp:featuredmedia":[{"embeddable":true,"href":"https:\/\/elcafedepipa.com\/index.php\/wp-json\/wp\/v2\/media\/14614"}],"wp:attachment":[{"href":"https:\/\/elcafedepipa.com\/index.php\/wp-json\/wp\/v2\/media?parent=14613"}],"wp:term":[{"taxonomy":"category","embeddable":true,"href":"https:\/\/elcafedepipa.com\/index.php\/wp-json\/wp\/v2\/categories?post=14613"},{"taxonomy":"post_tag","embeddable":true,"href":"https:\/\/elcafedepipa.com\/index.php\/wp-json\/wp\/v2\/tags?post=14613"}],"curies":[{"name":"wp","href":"https:\/\/api.w.org\/{rel}","templated":true}]}}