{"id":14606,"date":"2025-06-05T21:57:11","date_gmt":"2025-06-05T19:57:11","guid":{"rendered":"https:\/\/elcafedepipa.com\/?p=14606"},"modified":"2025-06-05T21:57:12","modified_gmt":"2025-06-05T19:57:12","slug":"lude-tanca-la-temporada-amb-bona-nota-en-lesportiu-i-en-lapartat-economic","status":"publish","type":"post","link":"https:\/\/elcafedepipa.com\/index.php\/2025\/06\/05\/lude-tanca-la-temporada-amb-bona-nota-en-lesportiu-i-en-lapartat-economic\/","title":{"rendered":"L&#8217;UDE tanca la temporada amb bona nota en l&#8217;esportiu i en l&#8217;apartat econ\u00f2mic."},"content":{"rendered":"\n<p>L&#8217; UDE ha celebrat aquesta vesprada la seua Assemblea General Ordin\u00e0ria on ha tancat l&#8217;exercici 24\/25 amb un pressupost proper als 550.000\u20ac. Els socis han avalat per unanimitat la gesti\u00f3 de la junta directiva que per quinz\u00e8 any consecutiu han pogut tancar la temporada amb super\u00e0vit.<\/p>\n\n\n\n<p><strong>Ja es treballa de cara a la propera temporada<\/strong><\/p>\n\n\n\n<p>En l&#8217;aspecte esportiu la UDE ha quallat un bon any en tornar a la Tercera RFEF<br>Tamb\u00e9 s&#8217;ha donat a con\u00e8ixer la composici\u00f3 de la plantilla 25\/26 avui dia:<\/p>\n\n\n\n<p><strong>Renovats: <\/strong>David, Ximo Forner, A\u00f1\u00f3, Pinya, Burri, Amine, Soler, Casta\u00f1o i Luismi.<br><strong>Amb proposta de renovaci\u00f3:<\/strong> Ferrer i Mor\u00f3n.<br><strong>Baixes:<\/strong> Ximet, Colomer, Guill\u00e9n, Josep Aguilar, Ferrand, Moi, Blas, Cervera, Zurita i \u00c0lex.<br><strong>I les primeres altes s\u00f3n:<\/strong> V\u00edctor Pacheco (CD L&#8217;Alcora); Rafa Soriano (SD Formentera); Iv\u00e1n Dom\u00ednguez (CD Acer); Fernando Vi\u00f1aspre (UE Atzeneta); Iv\u00e1n Garc\u00eda (Ontinyent 1931) i Usman Ibraim (agent lliure).<\/p>\n\n\n\n<p><\/p>\n","protected":false},"excerpt":{"rendered":"<p>L&#8217; UDE ha celebrat aquesta vesprada la seua Assemblea General Ordin\u00e0ria on ha tancat l&#8217;exercici 24\/25 amb un pressupost proper als 550.000\u20ac. Els socis han avalat per unanimitat la gesti\u00f3 de la junta directiva que per quinz\u00e8 any consecutiu han pogut tancar la temporada amb super\u00e0vit. Ja es treballa de cara a la propera temporada &#8230; <a title=\"L&#8217;UDE tanca la temporada amb bona nota en l&#8217;esportiu i en l&#8217;apartat econ\u00f2mic.\" class=\"read-more\" href=\"https:\/\/elcafedepipa.com\/index.php\/2025\/06\/05\/lude-tanca-la-temporada-amb-bona-nota-en-lesportiu-i-en-lapartat-economic\/\" aria-label=\"M\u00e9s informaci\u00f3 sobre L&#8217;UDE tanca la temporada amb bona nota en l&#8217;esportiu i en l&#8217;apartat econ\u00f2mic.\">Read more<\/a><\/p>\n","protected":false},"author":2,"featured_media":14607,"comment_status":"closed","ping_status":"closed","sticky":false,"template":"","format":"standard","meta":{"om_disable_all_campaigns":false,"_monsterinsights_skip_tracking":false,"_monsterinsights_sitenote_active":false,"_monsterinsights_sitenote_note":"","_monsterinsights_sitenote_category":0,"_uf_show_specific_survey":0,"_uf_disable_surveys":false,"footnotes":""},"categories":[1],"tags":[],"class_list":["post-14606","post","type-post","status-publish","format-standard","has-post-thumbnail","hentry","category-non-classe"],"_links":{"self":[{"href":"https:\/\/elcafedepipa.com\/index.php\/wp-json\/wp\/v2\/posts\/14606","targetHints":{"allow":["GET"]}}],"collection":[{"href":"https:\/\/elcafedepipa.com\/index.php\/wp-json\/wp\/v2\/posts"}],"about":[{"href":"https:\/\/elcafedepipa.com\/index.php\/wp-json\/wp\/v2\/types\/post"}],"author":[{"embeddable":true,"href":"https:\/\/elcafedepipa.com\/index.php\/wp-json\/wp\/v2\/users\/2"}],"replies":[{"embeddable":true,"href":"https:\/\/elcafedepipa.com\/index.php\/wp-json\/wp\/v2\/comments?post=14606"}],"version-history":[{"count":0,"href":"https:\/\/elcafedepipa.com\/index.php\/wp-json\/wp\/v2\/posts\/14606\/revisions"}],"wp:featuredmedia":[{"embeddable":true,"href":"https:\/\/elcafedepipa.com\/index.php\/wp-json\/wp\/v2\/media\/14607"}],"wp:attachment":[{"href":"https:\/\/elcafedepipa.com\/index.php\/wp-json\/wp\/v2\/media?parent=14606"}],"wp:term":[{"taxonomy":"category","embeddable":true,"href":"https:\/\/elcafedepipa.com\/index.php\/wp-json\/wp\/v2\/categories?post=14606"},{"taxonomy":"post_tag","embeddable":true,"href":"https:\/\/elcafedepipa.com\/index.php\/wp-json\/wp\/v2\/tags?post=14606"}],"curies":[{"name":"wp","href":"https:\/\/api.w.org\/{rel}","templated":true}]}}