{"id":14603,"date":"2025-06-05T14:37:34","date_gmt":"2025-06-05T12:37:34","guid":{"rendered":"https:\/\/elcafedepipa.com\/?p=14603"},"modified":"2025-06-05T14:37:35","modified_gmt":"2025-06-05T12:37:35","slug":"nules-convoca-la-constitucio-duna-borsa-de-treball-de-monitor-a-de-temps-lliure-i-animacio-sociocultural","status":"publish","type":"post","link":"https:\/\/elcafedepipa.com\/index.php\/2025\/06\/05\/nules-convoca-la-constitucio-duna-borsa-de-treball-de-monitor-a-de-temps-lliure-i-animacio-sociocultural\/","title":{"rendered":"Nules convoca la constituci\u00f3 d\u2019una borsa de treball de monitor\/a de temps lliure i animaci\u00f3 sociocultural."},"content":{"rendered":"\n<p>L\u2019Ajuntament de Nules ha convocat el proc\u00e9s selectiu per a la constituci\u00f3 d\u2019una borsa de treball per a personal monitor d\u2019activitats de temps lliure i d\u2019animaci\u00f3 sociocultural.<\/p>\n\n\n\n<p>En concret, amb aquesta convocat\u00f2ria l\u2019ajuntament vol constituir una borsa per a futures contractacions laborals en els sup\u00f2sits de vacants, substituci\u00f3 i conting\u00e8ncies que afecten al personal amb lloc de treball especialitzat per al desenvolupament d\u2019aquest tipus d\u2019activitats, entre les quals es troba l\u2019Escola d\u2019Estiu.<\/p>\n\n\n\n<p>Per tant, les persones interessades a participar en el proc\u00e9s selectiu poden presentar la sol\u00b7licitud corresponent fins divendres, 13 de juny, de fet s\u2019aconsella que la presentaci\u00f3 siga de manera telem\u00e0tica mitjan\u00e7ant la seu electr\u00f2nica, aix\u00ed doncs les bases de la convocat\u00f2ria es troben publicades al tauler d\u2019anuncis i al portal de transpar\u00e8ncia de la seu electr\u00f2nica de l\u2019Ajuntament de Nules https:\/\/nules.sedelectronica.es<\/p>\n\n\n\n<p>Cal assenyalar, a m\u00e9s, que el proc\u00e9s selectiu per a la constituci\u00f3 de la borsa de treball de monitor\/a d\u2019activitats de temps lliure i d\u2019animaci\u00f3 sociocultural es far\u00e0 amb una fase \u00fanica de concurs de m\u00e8rits i entrevista.<\/p>\n","protected":false},"excerpt":{"rendered":"<p>L\u2019Ajuntament de Nules ha convocat el proc\u00e9s selectiu per a la constituci\u00f3 d\u2019una borsa de treball per a personal monitor d\u2019activitats de temps lliure i d\u2019animaci\u00f3 sociocultural. En concret, amb aquesta convocat\u00f2ria l\u2019ajuntament vol constituir una borsa per a futures contractacions laborals en els sup\u00f2sits de vacants, substituci\u00f3 i conting\u00e8ncies que afecten al personal amb &#8230; <a title=\"Nules convoca la constituci\u00f3 d\u2019una borsa de treball de monitor\/a de temps lliure i animaci\u00f3 sociocultural.\" class=\"read-more\" href=\"https:\/\/elcafedepipa.com\/index.php\/2025\/06\/05\/nules-convoca-la-constitucio-duna-borsa-de-treball-de-monitor-a-de-temps-lliure-i-animacio-sociocultural\/\" aria-label=\"M\u00e9s informaci\u00f3 sobre Nules convoca la constituci\u00f3 d\u2019una borsa de treball de monitor\/a de temps lliure i animaci\u00f3 sociocultural.\">Read more<\/a><\/p>\n","protected":false},"author":2,"featured_media":14604,"comment_status":"closed","ping_status":"closed","sticky":false,"template":"","format":"standard","meta":{"om_disable_all_campaigns":false,"_monsterinsights_skip_tracking":false,"_monsterinsights_sitenote_active":false,"_monsterinsights_sitenote_note":"","_monsterinsights_sitenote_category":0,"_uf_show_specific_survey":0,"_uf_disable_surveys":false,"footnotes":""},"categories":[3],"tags":[],"class_list":["post-14603","post","type-post","status-publish","format-standard","has-post-thumbnail","hentry","category-nules"],"_links":{"self":[{"href":"https:\/\/elcafedepipa.com\/index.php\/wp-json\/wp\/v2\/posts\/14603","targetHints":{"allow":["GET"]}}],"collection":[{"href":"https:\/\/elcafedepipa.com\/index.php\/wp-json\/wp\/v2\/posts"}],"about":[{"href":"https:\/\/elcafedepipa.com\/index.php\/wp-json\/wp\/v2\/types\/post"}],"author":[{"embeddable":true,"href":"https:\/\/elcafedepipa.com\/index.php\/wp-json\/wp\/v2\/users\/2"}],"replies":[{"embeddable":true,"href":"https:\/\/elcafedepipa.com\/index.php\/wp-json\/wp\/v2\/comments?post=14603"}],"version-history":[{"count":0,"href":"https:\/\/elcafedepipa.com\/index.php\/wp-json\/wp\/v2\/posts\/14603\/revisions"}],"wp:featuredmedia":[{"embeddable":true,"href":"https:\/\/elcafedepipa.com\/index.php\/wp-json\/wp\/v2\/media\/14604"}],"wp:attachment":[{"href":"https:\/\/elcafedepipa.com\/index.php\/wp-json\/wp\/v2\/media?parent=14603"}],"wp:term":[{"taxonomy":"category","embeddable":true,"href":"https:\/\/elcafedepipa.com\/index.php\/wp-json\/wp\/v2\/categories?post=14603"},{"taxonomy":"post_tag","embeddable":true,"href":"https:\/\/elcafedepipa.com\/index.php\/wp-json\/wp\/v2\/tags?post=14603"}],"curies":[{"name":"wp","href":"https:\/\/api.w.org\/{rel}","templated":true}]}}