{"id":14592,"date":"2025-06-05T12:53:18","date_gmt":"2025-06-05T10:53:18","guid":{"rendered":"https:\/\/elcafedepipa.com\/?p=14592"},"modified":"2025-06-05T12:53:19","modified_gmt":"2025-06-05T10:53:19","slug":"lajuntament-de-la-vall-duixo-millora-la-seguretat-a-la-carretera-de-sogorb-amb-el-nou-carril-bici","status":"publish","type":"post","link":"https:\/\/elcafedepipa.com\/index.php\/2025\/06\/05\/lajuntament-de-la-vall-duixo-millora-la-seguretat-a-la-carretera-de-sogorb-amb-el-nou-carril-bici\/","title":{"rendered":"L&#8217;Ajuntament de la Vall d\u2019Uix\u00f3 millora la seguretat a la carretera de Sogorb amb el nou carril bici"},"content":{"rendered":"\n<p>L\u2019Ajuntament de la Vall d\u2019Uix\u00f3 est\u00e0 executant les obres de construcci\u00f3 del nou carril bici a la carretera de Sogorb, concretament entre els carrers 8 i 12. El projecte consisteix en la reestructuraci\u00f3 del vial i la remodelaci\u00f3 de les voreres en aquest tram del Carbonaire, de manera que es millora la seguretat i es d\u00f3na resposta a una demanda dels ciclistes.<\/p>\n\n\n\n<p>En aquest sentit, l\u2019alcaldessa, Tania Ba\u00f1os, ha explicat que \u201cel primer model de carril bici que es va implantar era millorable\u201d i despr\u00e9s de realitzar un estudi t\u00e8cnic s\u2019ha considerat viable fer un nou disseny \u201cper a millorar la visibilitat i eliminar la perillositat que provocava l\u2019eixida dels vehicles estacionats per la zona de pas ciclista\u201d.<\/p>\n\n\n\n<p>El regidor d\u2019Urbanisme, Vicente Pitarch, ha afegit que amb aquesta actuaci\u00f3, a m\u00e9s de \u201cdotar de major seguretat\u201d el tram, \u201ces garanteix l\u2019accessibilitat de totes les voreres que baixen des dels carrers 8 a 12 cap a la carretera de Sogorb\u201d. Les obres les realitza una empresa local i estan finan\u00e7ades amb una subvenci\u00f3 de 80.000 euros de la Diputaci\u00f3 de Castell\u00f3.<\/p>\n\n\n\n<p>Ba\u00f1os ha recordat que en aquests 10 anys de govern \u201chem aconseguit la connexi\u00f3 del Carbonaire amb el barri Toledo i amb el Paratge de Sant Josep, que era una reivindicaci\u00f3 hist\u00f2rica del ve\u00efnat\u201d. A m\u00e9s, aquesta actuaci\u00f3 s\u2019emmarca dins del model de ciutat \u201csostenible, m\u00e9s verda i que creu en els ODS i en l\u2019Agenda 2030\u201d. Aix\u00ed, es fomenta la mobilitat sostenible, l\u2019\u00fas de la bicicleta i es d\u00f3na resposta a la proliferaci\u00f3 dels patinets el\u00e8ctrics.<\/p>\n\n\n\n<p>El nou carril bici s\u2019est\u00e0 construint a la zona on actualment s\u2019aparcava en bateria (direcci\u00f3 Alfondeguilla) i fa uns mesos ja es va repintar la senyalitzaci\u00f3 vi\u00e0ria, la qual cosa ha perm\u00e9s guanyar llocs d\u2019estacionament. Amb el nou disseny i pintura vi\u00e0ria tamb\u00e9 s\u2019eviten les invasions del carril que es produ\u00efen en eixir de la rotonda del carrer Xac\u00f3.<\/p>\n","protected":false},"excerpt":{"rendered":"<p>L\u2019Ajuntament de la Vall d\u2019Uix\u00f3 est\u00e0 executant les obres de construcci\u00f3 del nou carril bici a la carretera de Sogorb, concretament entre els carrers 8 i 12. El projecte consisteix en la reestructuraci\u00f3 del vial i la remodelaci\u00f3 de les voreres en aquest tram del Carbonaire, de manera que es millora la seguretat i es &#8230; <a title=\"L&#8217;Ajuntament de la Vall d\u2019Uix\u00f3 millora la seguretat a la carretera de Sogorb amb el nou carril bici\" class=\"read-more\" href=\"https:\/\/elcafedepipa.com\/index.php\/2025\/06\/05\/lajuntament-de-la-vall-duixo-millora-la-seguretat-a-la-carretera-de-sogorb-amb-el-nou-carril-bici\/\" aria-label=\"M\u00e9s informaci\u00f3 sobre L&#8217;Ajuntament de la Vall d\u2019Uix\u00f3 millora la seguretat a la carretera de Sogorb amb el nou carril bici\">Read more<\/a><\/p>\n","protected":false},"author":2,"featured_media":14593,"comment_status":"closed","ping_status":"closed","sticky":false,"template":"","format":"standard","meta":{"om_disable_all_campaigns":false,"_monsterinsights_skip_tracking":false,"_monsterinsights_sitenote_active":false,"_monsterinsights_sitenote_note":"","_monsterinsights_sitenote_category":0,"_uf_show_specific_survey":0,"_uf_disable_surveys":false,"footnotes":""},"categories":[2],"tags":[],"class_list":["post-14592","post","type-post","status-publish","format-standard","has-post-thumbnail","hentry","category-lavallduixo"],"_links":{"self":[{"href":"https:\/\/elcafedepipa.com\/index.php\/wp-json\/wp\/v2\/posts\/14592","targetHints":{"allow":["GET"]}}],"collection":[{"href":"https:\/\/elcafedepipa.com\/index.php\/wp-json\/wp\/v2\/posts"}],"about":[{"href":"https:\/\/elcafedepipa.com\/index.php\/wp-json\/wp\/v2\/types\/post"}],"author":[{"embeddable":true,"href":"https:\/\/elcafedepipa.com\/index.php\/wp-json\/wp\/v2\/users\/2"}],"replies":[{"embeddable":true,"href":"https:\/\/elcafedepipa.com\/index.php\/wp-json\/wp\/v2\/comments?post=14592"}],"version-history":[{"count":0,"href":"https:\/\/elcafedepipa.com\/index.php\/wp-json\/wp\/v2\/posts\/14592\/revisions"}],"wp:featuredmedia":[{"embeddable":true,"href":"https:\/\/elcafedepipa.com\/index.php\/wp-json\/wp\/v2\/media\/14593"}],"wp:attachment":[{"href":"https:\/\/elcafedepipa.com\/index.php\/wp-json\/wp\/v2\/media?parent=14592"}],"wp:term":[{"taxonomy":"category","embeddable":true,"href":"https:\/\/elcafedepipa.com\/index.php\/wp-json\/wp\/v2\/categories?post=14592"},{"taxonomy":"post_tag","embeddable":true,"href":"https:\/\/elcafedepipa.com\/index.php\/wp-json\/wp\/v2\/tags?post=14592"}],"curies":[{"name":"wp","href":"https:\/\/api.w.org\/{rel}","templated":true}]}}