{"id":14589,"date":"2025-06-05T12:15:57","date_gmt":"2025-06-05T10:15:57","guid":{"rendered":"https:\/\/elcafedepipa.com\/?p=14589"},"modified":"2025-06-05T12:15:58","modified_gmt":"2025-06-05T10:15:58","slug":"marta-barrachina-apella-a-la-responsabilitat-i-la-unio-de-forces-perque-la-proposta-del-pp-per-a-protegir-els-poblats-maritims-tradicionals-prospere-el-dimarts-en-el-congres","status":"publish","type":"post","link":"https:\/\/elcafedepipa.com\/index.php\/2025\/06\/05\/marta-barrachina-apella-a-la-responsabilitat-i-la-unio-de-forces-perque-la-proposta-del-pp-per-a-protegir-els-poblats-maritims-tradicionals-prospere-el-dimarts-en-el-congres\/","title":{"rendered":"Marta Barrachina apel\u00b7la a la responsabilitat i la uni\u00f3 de forces perqu\u00e8 la proposta del PP per a protegir els poblats mar\u00edtims tradicionals prospere el dimarts en el Congr\u00e9s"},"content":{"rendered":"\n<p>La presidenta provincial del PPCS, Marta Barrachina, ha apel\u00b7lat a la responsabilitat de totes les forces, al sentit com\u00fa i a la uni\u00f3 al servici dels ciutadans perqu\u00e8 aprovar, dimarts que ve 10 de juny en el Congr\u00e9s, la proposta de modificaci\u00f3 de la llei de costes, presentada pel PP, per a protegir els poblats mar\u00edtims tradicionals amb valor singular<\/p>\n\n\n\n<p>La Proposici\u00f3 de Llei del Grup Parlamentari Popular es va registrar el passat 10 d&#8217;abril en les Corts Generals. \u201cEns juguem el futur dels poblats mar\u00edtims de la prov\u00edncia, amb un valor hist\u00f2ric i cultural \u00fanic i que el PP porta anys<\/p>\n\n\n\n<p>defenent. Esta setmana tenim l&#8217;oportunitat hist\u00f2rica de protegir estos nuclis singulars<\/p>\n\n\n\n<p>El poblat mar\u00edtim de Torre La Sal a Cabanes, Els Cassets de la Mar de Nules, d&#8217;Almenara o de Xilxes, \u201cnecessiten protecci\u00f3 i no enderrocaments, s\u00f3n nuclis de poblaci\u00f3 hist\u00f2rics amb valors etnol\u00f2gics innegables\u201d.<\/p>\n\n\n\n<p>Amb este esperit, la iniciativa planteja als membres de la Cambra Baixa la protecci\u00f3 d&#8217;estos immobles singulars amena\u00e7ats, com \u00e9s el cas de Cabanes, Nules o Moncofa, per enderrocaments en modificar la l\u00ednia de domini p\u00fablic mar\u00edtim-terrestre a conseq\u00fc\u00e8ncia de l&#8217;avan\u00e7, sense fre, de la l\u00ednia de mar. \u201cDemanem que se&#8217;ns escolte, que s&#8217;escolte esta singularitat i que s&#8217;atenga la realitat dels fets. No podem derrocar all\u00f2 que forma part de la nostra hist\u00f2ria. Hem de protegir-ho. Units, perqu\u00e8 el nostre futur est\u00e0 lligat a estos nuclis tradicionals\u201d.<\/p>\n\n\n\n<p>Acord al Senat el 12 de mar\u00e7 de 2024<\/p>\n\n\n\n<p>La iniciativa que el Congr\u00e9s debatr\u00e0 el dimarts 10 \u00e9s la registrada pel GPP el 10 d&#8217;abril per a for\u00e7ar un debat que el PP reclama des de fa m\u00e9s d&#8217;un any.<\/p>\n\n\n\n<p>De fet, tal com ha recordat la presidenta provincial del PPCS, la Cambra Alta va aprovar per majoria una proposici\u00f3 de llei per a modificar la llei de costes i protegir estos immobles singulars el 12 de mar\u00e7 de 2024. Este acord es va elevar al Congr\u00e9s i el Butllet\u00ed Oficial de les Corts Generals la va publicar el 22 de mar\u00e7 de 2024. Des de llavors, porta m\u00e9s d&#8217;un any bloquejada per la majoria de PSOE i Comprom\u00eds-Sumar en la Taula del Congr\u00e9s. Acumula m\u00e9s de 40 pr\u00f2rrogues. L&#8217;\u00faltima expira el dimecres 11 de juny a les 18.00 hores.<\/p>\n","protected":false},"excerpt":{"rendered":"<p>La presidenta provincial del PPCS, Marta Barrachina, ha apel\u00b7lat a la responsabilitat de totes les forces, al sentit com\u00fa i a la uni\u00f3 al servici dels ciutadans perqu\u00e8 aprovar, dimarts que ve 10 de juny en el Congr\u00e9s, la proposta de modificaci\u00f3 de la llei de costes, presentada pel PP, per a protegir els poblats &#8230; <a title=\"Marta Barrachina apel\u00b7la a la responsabilitat i la uni\u00f3 de forces perqu\u00e8 la proposta del PP per a protegir els poblats mar\u00edtims tradicionals prospere el dimarts en el Congr\u00e9s\" class=\"read-more\" href=\"https:\/\/elcafedepipa.com\/index.php\/2025\/06\/05\/marta-barrachina-apella-a-la-responsabilitat-i-la-unio-de-forces-perque-la-proposta-del-pp-per-a-protegir-els-poblats-maritims-tradicionals-prospere-el-dimarts-en-el-congres\/\" aria-label=\"M\u00e9s informaci\u00f3 sobre Marta Barrachina apel\u00b7la a la responsabilitat i la uni\u00f3 de forces perqu\u00e8 la proposta del PP per a protegir els poblats mar\u00edtims tradicionals prospere el dimarts en el Congr\u00e9s\">Read more<\/a><\/p>\n","protected":false},"author":2,"featured_media":14590,"comment_status":"closed","ping_status":"closed","sticky":false,"template":"","format":"standard","meta":{"om_disable_all_campaigns":false,"_monsterinsights_skip_tracking":false,"_monsterinsights_sitenote_active":false,"_monsterinsights_sitenote_note":"","_monsterinsights_sitenote_category":0,"_uf_show_specific_survey":0,"_uf_disable_surveys":false,"footnotes":""},"categories":[10],"tags":[],"class_list":["post-14589","post","type-post","status-publish","format-standard","has-post-thumbnail","hentry","category-provinciadecastello"],"_links":{"self":[{"href":"https:\/\/elcafedepipa.com\/index.php\/wp-json\/wp\/v2\/posts\/14589","targetHints":{"allow":["GET"]}}],"collection":[{"href":"https:\/\/elcafedepipa.com\/index.php\/wp-json\/wp\/v2\/posts"}],"about":[{"href":"https:\/\/elcafedepipa.com\/index.php\/wp-json\/wp\/v2\/types\/post"}],"author":[{"embeddable":true,"href":"https:\/\/elcafedepipa.com\/index.php\/wp-json\/wp\/v2\/users\/2"}],"replies":[{"embeddable":true,"href":"https:\/\/elcafedepipa.com\/index.php\/wp-json\/wp\/v2\/comments?post=14589"}],"version-history":[{"count":0,"href":"https:\/\/elcafedepipa.com\/index.php\/wp-json\/wp\/v2\/posts\/14589\/revisions"}],"wp:featuredmedia":[{"embeddable":true,"href":"https:\/\/elcafedepipa.com\/index.php\/wp-json\/wp\/v2\/media\/14590"}],"wp:attachment":[{"href":"https:\/\/elcafedepipa.com\/index.php\/wp-json\/wp\/v2\/media?parent=14589"}],"wp:term":[{"taxonomy":"category","embeddable":true,"href":"https:\/\/elcafedepipa.com\/index.php\/wp-json\/wp\/v2\/categories?post=14589"},{"taxonomy":"post_tag","embeddable":true,"href":"https:\/\/elcafedepipa.com\/index.php\/wp-json\/wp\/v2\/tags?post=14589"}],"curies":[{"name":"wp","href":"https:\/\/api.w.org\/{rel}","templated":true}]}}