{"id":14586,"date":"2025-06-05T11:44:57","date_gmt":"2025-06-05T09:44:57","guid":{"rendered":"https:\/\/elcafedepipa.com\/?p=14586"},"modified":"2025-06-05T11:44:58","modified_gmt":"2025-06-05T09:44:58","slug":"la-provincia-de-castello-torna-a-liderar-la-major-inversio-en-patrimoni-del-consell-amb-un-fons-que-creix-fins-als-49-milions-per-a-40-municipis","status":"publish","type":"post","link":"https:\/\/elcafedepipa.com\/index.php\/2025\/06\/05\/la-provincia-de-castello-torna-a-liderar-la-major-inversio-en-patrimoni-del-consell-amb-un-fons-que-creix-fins-als-49-milions-per-a-40-municipis\/","title":{"rendered":"La prov\u00edncia de Castell\u00f3 torna a liderar la major inversi\u00f3 en patrimoni del Consell amb un fons que creix fins als 4,9 milions per a 40 municipis"},"content":{"rendered":"\n<p>La prov\u00edncia de Castell\u00f3 torna a abanderar la major inversi\u00f3 en patrimoni concedida pel Consell en l&#8217;\u00e0mbit auton\u00f2mic amb quasi 5 milions d&#8217;euros que incrementen el fons concedit en 2024 aix\u00ed com el nombre de municipis beneficiaris.<\/p>\n\n\n\n<p>Salvador Aguilella, secretari general del PPCS, ha posat en valor la xifra r\u00e8cord de 4.983.656,73 euros que en 2025 arribaran a 40 municipis de la prov\u00edncia de Castell\u00f3. &#8220;L&#8217;increment no sols \u00e9s econ\u00f2mic, ja que en 2024 van ser 4.216.263,12 euros, tamb\u00e9 \u00e9s en nombre de poblacions, perqu\u00e8 en 2024 van ser 36 enfront de les 40 d&#8217;enguany&#8221;.<\/p>\n\n\n\n<p>Este benefici doble permetr\u00e0 &#8220;posar en valor una riquesa que no sols \u00e9s hist\u00f2ria, volem que siga present i futur, perqu\u00e8 invertir en patrimoni \u00e9s fer gran la nostra terra&#8221;. D&#8217;una banda, assenyala Aguilella, la injecci\u00f3 auton\u00f2mica recupera vestigis que s\u00f3n patrimoni com\u00fa de la hist\u00f2ria de la<\/p>\n\n\n\n<p>prov\u00edncia. &#8220;En molts casos es financen noves fases de projectes que s&#8217;executen amb diverses anualitats&#8221;, explica Aguilella.<\/p>\n\n\n\n<p>D&#8217;altra banda, &#8220;es dona un recolzament al valor tur\u00edstic d&#8217;estos vestigis&#8221;. &#8220;Volem un patrimoni viu, que es puga compartir i gaudir, que siga una projecci\u00f3 i un esper\u00f3 per a la nostra terra&#8221;, explica el n\u00famero dos del PPCS.<\/p>\n\n\n\n<p>En este sentit, la major part d&#8217;estos vestigis es troben a l&#8217;interior de la prov\u00edncia de Castell\u00f3. &#8220;\u00c9s un doble benefici per a la nostra prov\u00edncia, perqu\u00e8 reforcem valors que val la pena con\u00e9ixer en un interior que t\u00e9 mil raons per a ser visitat&#8221;. &#8220;Esta \u00e9s una m\u00e9s&#8221;, afirma Aguilella.<\/p>\n\n\n\n<p>Ajudar als qui menys tenen<\/p>\n\n\n\n<p>El recolzament econ\u00f2mic del Consell refor\u00e7a el m\u00fascul tur\u00edstic de la prov\u00edncia en poblacions &#8220;amb recursos molt limitats&#8221;. &#8220;Volem que no es perda la nostra hist\u00f2ria, volem descobrir-la en el cas de moltes excavacions que tracten de traure a la llum els nostres or\u00edgens. I volem posar en valor la grandesa d&#8217;una prov\u00edncia infinita&#8221;, afirma Aguilella.<\/p>\n\n\n\n<p>Per a aconseguir-ho, &#8220;hui governa un Consell sensible amb el m\u00f3n rural i capa\u00e7 d&#8217;escoltar i donar respostes eficaces, que superen expectatives i que ens fan somriure&#8221;. Un govern liderat pel PP que &#8220;tant al capdavant de la Generalitat com al capdavant de la Diputaci\u00f3 de Castell\u00f3 estan al servici de les persones, al servici de la nostra terra&#8221;.<\/p>\n\n\n\n<p><\/p>\n","protected":false},"excerpt":{"rendered":"<p>La prov\u00edncia de Castell\u00f3 torna a abanderar la major inversi\u00f3 en patrimoni concedida pel Consell en l&#8217;\u00e0mbit auton\u00f2mic amb quasi 5 milions d&#8217;euros que incrementen el fons concedit en 2024 aix\u00ed com el nombre de municipis beneficiaris. Salvador Aguilella, secretari general del PPCS, ha posat en valor la xifra r\u00e8cord de 4.983.656,73 euros que en &#8230; <a title=\"La prov\u00edncia de Castell\u00f3 torna a liderar la major inversi\u00f3 en patrimoni del Consell amb un fons que creix fins als 4,9 milions per a 40 municipis\" class=\"read-more\" href=\"https:\/\/elcafedepipa.com\/index.php\/2025\/06\/05\/la-provincia-de-castello-torna-a-liderar-la-major-inversio-en-patrimoni-del-consell-amb-un-fons-que-creix-fins-als-49-milions-per-a-40-municipis\/\" aria-label=\"M\u00e9s informaci\u00f3 sobre La prov\u00edncia de Castell\u00f3 torna a liderar la major inversi\u00f3 en patrimoni del Consell amb un fons que creix fins als 4,9 milions per a 40 municipis\">Read more<\/a><\/p>\n","protected":false},"author":2,"featured_media":14587,"comment_status":"closed","ping_status":"closed","sticky":false,"template":"","format":"standard","meta":{"om_disable_all_campaigns":false,"_monsterinsights_skip_tracking":false,"_monsterinsights_sitenote_active":false,"_monsterinsights_sitenote_note":"","_monsterinsights_sitenote_category":0,"_uf_show_specific_survey":0,"_uf_disable_surveys":false,"footnotes":""},"categories":[10],"tags":[],"class_list":["post-14586","post","type-post","status-publish","format-standard","has-post-thumbnail","hentry","category-provinciadecastello"],"_links":{"self":[{"href":"https:\/\/elcafedepipa.com\/index.php\/wp-json\/wp\/v2\/posts\/14586","targetHints":{"allow":["GET"]}}],"collection":[{"href":"https:\/\/elcafedepipa.com\/index.php\/wp-json\/wp\/v2\/posts"}],"about":[{"href":"https:\/\/elcafedepipa.com\/index.php\/wp-json\/wp\/v2\/types\/post"}],"author":[{"embeddable":true,"href":"https:\/\/elcafedepipa.com\/index.php\/wp-json\/wp\/v2\/users\/2"}],"replies":[{"embeddable":true,"href":"https:\/\/elcafedepipa.com\/index.php\/wp-json\/wp\/v2\/comments?post=14586"}],"version-history":[{"count":0,"href":"https:\/\/elcafedepipa.com\/index.php\/wp-json\/wp\/v2\/posts\/14586\/revisions"}],"wp:featuredmedia":[{"embeddable":true,"href":"https:\/\/elcafedepipa.com\/index.php\/wp-json\/wp\/v2\/media\/14587"}],"wp:attachment":[{"href":"https:\/\/elcafedepipa.com\/index.php\/wp-json\/wp\/v2\/media?parent=14586"}],"wp:term":[{"taxonomy":"category","embeddable":true,"href":"https:\/\/elcafedepipa.com\/index.php\/wp-json\/wp\/v2\/categories?post=14586"},{"taxonomy":"post_tag","embeddable":true,"href":"https:\/\/elcafedepipa.com\/index.php\/wp-json\/wp\/v2\/tags?post=14586"}],"curies":[{"name":"wp","href":"https:\/\/api.w.org\/{rel}","templated":true}]}}