{"id":14565,"date":"2025-06-05T09:17:32","date_gmt":"2025-06-05T07:17:32","guid":{"rendered":"https:\/\/elcafedepipa.com\/?p=14565"},"modified":"2025-06-05T09:17:33","modified_gmt":"2025-06-05T07:17:33","slug":"la-unio-denuncia-que-pp-y-vox-retallen-en-nomes-dos-anys-un-38-el-suport-als-treballadors-agraris-temporers-per-a-les-campanyes-agricoles","status":"publish","type":"post","link":"https:\/\/elcafedepipa.com\/index.php\/2025\/06\/05\/la-unio-denuncia-que-pp-y-vox-retallen-en-nomes-dos-anys-un-38-el-suport-als-treballadors-agraris-temporers-per-a-les-campanyes-agricoles\/","title":{"rendered":"LA UNI\u00d3 denuncia que PP y VOX retallen en nom\u00e9s dos anys un 38% el suport als treballadors agraris temporers per a les campanyes agr\u00edcoles"},"content":{"rendered":"\n<p>LA UNI\u00d3 denuncia que a retallada pressupost\u00e0ria aprovada per PP i VOX, sense cap justificaci\u00f3 t\u00e8cnica, deixa la l\u00ednia d&#8217;ajudes per a millorar les condicions dels treballadors agraris temporers en nom\u00e9s 222.600 euros, molt per davall dels 361.380 euros de fa dos anys.<\/p>\n\n\n\n<p>LA UNI\u00d3 denuncia en aquest sentit la retallada de 95.400 euros en la l\u00ednia pressupost\u00e0ria destinada al \u201cPrograma de millora de les condicions dels treballadors agraris temporers\u201d, aprovat mitjan\u00e7ant una esmena presentada per VOX -i secundada pel PP- en els Pressupostos de la Generalitat Valenciana de 2025, i publicats en el DOGV el 31 de maig.<\/p>\n\n\n\n<p>Aquesta partida, que l&#8217;any passat arribava als 318.000 euros i que fa nom\u00e9s dos anys ascendia a 361.380 euros, es queda ara en tot just 222.600 euros, la qual cosa suposa un descens acumulat del 38% en dos exercicis, els que coincideixen amb el canvi de Govern auton\u00f2mic. Aquesta decisi\u00f3 afectar\u00e0 de manera directa a centenars de productors valencians, especialment en comarques clau com Utiel-Requena, el Vinalop\u00f3, la Marina Baixa o les zones citr\u00edcoles, on es requereix bastant m\u00e0 d&#8217;obra per a recol\u00b7lectar les collites.<\/p>\n\n\n\n<p>La retallada no respon a criteris t\u00e8cnics ni d&#8217;efici\u00e8ncia pressupost\u00e0ria, ja que la l\u00ednia no estava en risc, no afecta altres partides i la seua utilitat est\u00e0 m\u00e9s que acreditada perqu\u00e8 uns 3.000 treballadors temporers i uns 400 productors es van beneficiar d&#8217;aquestes ajudes durant l&#8217;\u00faltim any.<\/p>\n\n\n\n<p>Per a LA UNI\u00d3, aquesta retallada est\u00e0 basat en prejudicis equivocats sobre l&#8217;origen dels treballadors temporals, als qui s&#8217;associa com a persones migrants quan molts d&#8217;ells s\u00f3n treballadors espanyols. \u201cDe totes maneres a nosaltres com a productors que necessitem m\u00e0 d&#8217;obra per a arreplegar les nostres collites ens dona el mateix el pa\u00eds d&#8217;origen d&#8217;on procedisquen els treballadors temporers, tenim una necessitat i l&#8217;\u00fanica cosa que volem \u00e9s disposar d&#8217;ells amb les millors garanties i condicions possibles, i als quals paguem segons estableix el conveni laboral i els facilitem allotjament digne\u201d, assenyala Carles Peris, secretari general de La Uni\u00f3 Llauradora i Ramadera.<\/p>\n\n\n\n<p>Aquesta l\u00ednia pressupost\u00e0ria no sols permet donar suport a la contractaci\u00f3, sin\u00f3 que finan\u00e7a serveis fonamentals com l&#8217;allotjament digne en campanyes agr\u00edcoles intensives, una cosa especialment costosa i dif\u00edcil de gestionar per a xicotets i mitjans productors. Tamb\u00e9 inclou serveis sanitaris i atenci\u00f3 social, aix\u00ed com la prevenci\u00f3 de riscos laborals que garanteixen condicions laborals adequades.<\/p>\n\n\n\n<p>A m\u00e9s, l&#8217;acc\u00e9s a la m\u00e0 d&#8217;obra ja \u00e9s un problema creixent en el camp valenci\u00e0 i aquesta retallada pot agreujar-lo. \u201cEn un moment en qu\u00e8 ja costa molt trobar treballadors temporals per a les campanyes, aquesta falta de suport institucional dificultar\u00e0 encara m\u00e9s que els llauradors puguen disposar de personal, just en els per\u00edodes clau, amb la recol\u00b7lecci\u00f3 del fruit de tot un any de treball\u201d, adverteix Carles Peris.<\/p>\n\n\n\n<p>I afig que \u201cno es pot estar cridant tots els dies herois als llauradors i a l&#8217;hora de plasmar-ho en els pressupostos, nom\u00e9s veiem retallades i increment de costos per als llauradors. Per tant, coher\u00e8ncia \u00e9s el que fa falta\u201d, indica el secretari general de l&#8217;organitzaci\u00f3.<\/p>\n\n\n\n<p>LA UNI\u00d3 exigeix que com a m\u00ednim es recuperen els 318.000 euros del pressupost de 2024, encara que el desitjable seria tornar als 361.380 euros que es consignaven abans de l&#8217;entrada de PP i VOX en el Consell.<\/p>\n\n\n\n<p>L&#8217;organitzaci\u00f3 traslladar\u00e0 aquesta situaci\u00f3 generada als productors afectats, informant-los que, per culpa d&#8217;aquesta postura, la contractaci\u00f3 de temporers els resultar\u00e0 m\u00e9s costosa i complicada, en un context a m\u00e9s de gran incertesa i pressi\u00f3 per al sector agrari.<\/p>\n","protected":false},"excerpt":{"rendered":"<p>LA UNI\u00d3 denuncia que a retallada pressupost\u00e0ria aprovada per PP i VOX, sense cap justificaci\u00f3 t\u00e8cnica, deixa la l\u00ednia d&#8217;ajudes per a millorar les condicions dels treballadors agraris temporers en nom\u00e9s 222.600 euros, molt per davall dels 361.380 euros de fa dos anys. LA UNI\u00d3 denuncia en aquest sentit la retallada de 95.400 euros en &#8230; <a title=\"LA UNI\u00d3 denuncia que PP y VOX retallen en nom\u00e9s dos anys un 38% el suport als treballadors agraris temporers per a les campanyes agr\u00edcoles\" class=\"read-more\" href=\"https:\/\/elcafedepipa.com\/index.php\/2025\/06\/05\/la-unio-denuncia-que-pp-y-vox-retallen-en-nomes-dos-anys-un-38-el-suport-als-treballadors-agraris-temporers-per-a-les-campanyes-agricoles\/\" aria-label=\"M\u00e9s informaci\u00f3 sobre LA UNI\u00d3 denuncia que PP y VOX retallen en nom\u00e9s dos anys un 38% el suport als treballadors agraris temporers per a les campanyes agr\u00edcoles\">Read more<\/a><\/p>\n","protected":false},"author":2,"featured_media":14566,"comment_status":"closed","ping_status":"closed","sticky":false,"template":"","format":"standard","meta":{"om_disable_all_campaigns":false,"_monsterinsights_skip_tracking":false,"_monsterinsights_sitenote_active":false,"_monsterinsights_sitenote_note":"","_monsterinsights_sitenote_category":0,"_uf_show_specific_survey":0,"_uf_disable_surveys":false,"footnotes":""},"categories":[1],"tags":[],"class_list":["post-14565","post","type-post","status-publish","format-standard","has-post-thumbnail","hentry","category-non-classe"],"_links":{"self":[{"href":"https:\/\/elcafedepipa.com\/index.php\/wp-json\/wp\/v2\/posts\/14565","targetHints":{"allow":["GET"]}}],"collection":[{"href":"https:\/\/elcafedepipa.com\/index.php\/wp-json\/wp\/v2\/posts"}],"about":[{"href":"https:\/\/elcafedepipa.com\/index.php\/wp-json\/wp\/v2\/types\/post"}],"author":[{"embeddable":true,"href":"https:\/\/elcafedepipa.com\/index.php\/wp-json\/wp\/v2\/users\/2"}],"replies":[{"embeddable":true,"href":"https:\/\/elcafedepipa.com\/index.php\/wp-json\/wp\/v2\/comments?post=14565"}],"version-history":[{"count":0,"href":"https:\/\/elcafedepipa.com\/index.php\/wp-json\/wp\/v2\/posts\/14565\/revisions"}],"wp:featuredmedia":[{"embeddable":true,"href":"https:\/\/elcafedepipa.com\/index.php\/wp-json\/wp\/v2\/media\/14566"}],"wp:attachment":[{"href":"https:\/\/elcafedepipa.com\/index.php\/wp-json\/wp\/v2\/media?parent=14565"}],"wp:term":[{"taxonomy":"category","embeddable":true,"href":"https:\/\/elcafedepipa.com\/index.php\/wp-json\/wp\/v2\/categories?post=14565"},{"taxonomy":"post_tag","embeddable":true,"href":"https:\/\/elcafedepipa.com\/index.php\/wp-json\/wp\/v2\/tags?post=14565"}],"curies":[{"name":"wp","href":"https:\/\/api.w.org\/{rel}","templated":true}]}}