{"id":14559,"date":"2025-06-05T09:14:26","date_gmt":"2025-06-05T07:14:26","guid":{"rendered":"https:\/\/elcafedepipa.com\/?p=14559"},"modified":"2025-06-05T09:14:27","modified_gmt":"2025-06-05T07:14:27","slug":"el-pp-reivindica-un-pla-integral-per-a-les-platges-de-nules-perque-tenen-vida-els-365-dies-de-lany","status":"publish","type":"post","link":"https:\/\/elcafedepipa.com\/index.php\/2025\/06\/05\/el-pp-reivindica-un-pla-integral-per-a-les-platges-de-nules-perque-tenen-vida-els-365-dies-de-lany\/","title":{"rendered":"El PP reivindica un pla integral per a les platges de Nules perqu\u00e8 \u201ctenen vida els 365 dies de l&#8217;any\u201d"},"content":{"rendered":"\n<p>El Partit Popular de Nules ha reivindicat un pla integral per a les platges amb l&#8217;objectiu de frenar la degradaci\u00f3 i donar servici a un sector del terme municipal que \u201ct\u00e9 vida tot l&#8217;any\u201d.<\/p>\n\n\n\n<p>Aix\u00ed ho ha manifestat el regidor del PP en el municipi, Vicente Bertomeu, en resposta a les queixes de ve\u00efns i residents de la zona mar\u00edtima que advertixen de l&#8217;estat d&#8217;aband\u00f3 d&#8217;espais i servicis p\u00fablics. \u201cL&#8217;equip de govern d&#8217;esquerres que presidix l&#8217;ajuntament \u00e9s \u00e0gil a l&#8217;hora de cobrar impostos, complint terminis. Per\u00f2 s&#8217;oblida de planificar i complir les seues funcions en els terminis que Nules mereix\u201d. \u201cNosaltres li ho continuarem recordant\u201d, declara.<\/p>\n\n\n\n<p>En este sentit, a l&#8217;aband\u00f3 de la neteja en punts de recollida de residus org\u00e0nics o materials reutilitzables se suma l&#8217;estat en el qual es troben parcs i jardins. \u201cDe fer-ho amb car\u00e0cter integral, \u00e9s a dir, amb un full de ruta que marque objectius durant tot l&#8217;any, no s&#8217;acabarien degradant equipaments p\u00fablics i la prestaci\u00f3 seria la que els contribuents mereixen sobre la base del cobrament de taxes i impostos\u201d.<\/p>\n\n\n\n<p>De fet, explica el regidor del PP a Nules, \u201cla platja \u00e9s llar tot l&#8217;any per a un nombre de ve\u00efns cada vegada major. Gaudir d&#8217;este entorn, de la qualitat de vida i del privilegi de viure a la vora del Mediterrani \u00e9s una oportunitat que<\/p>\n\n\n\n<p>Nules t\u00e9 la sort d&#8217;oferir. Degradar-la perqu\u00e8 l&#8217;equip de govern incomplix les seues obligacions \u00e9s un contrasentit\u201d, ha manifestat Vicente Bertomeu.<\/p>\n\n\n\n<p><\/p>\n","protected":false},"excerpt":{"rendered":"<p>El Partit Popular de Nules ha reivindicat un pla integral per a les platges amb l&#8217;objectiu de frenar la degradaci\u00f3 i donar servici a un sector del terme municipal que \u201ct\u00e9 vida tot l&#8217;any\u201d. Aix\u00ed ho ha manifestat el regidor del PP en el municipi, Vicente Bertomeu, en resposta a les queixes de ve\u00efns i &#8230; <a title=\"El PP reivindica un pla integral per a les platges de Nules perqu\u00e8 \u201ctenen vida els 365 dies de l&#8217;any\u201d\" class=\"read-more\" href=\"https:\/\/elcafedepipa.com\/index.php\/2025\/06\/05\/el-pp-reivindica-un-pla-integral-per-a-les-platges-de-nules-perque-tenen-vida-els-365-dies-de-lany\/\" aria-label=\"M\u00e9s informaci\u00f3 sobre El PP reivindica un pla integral per a les platges de Nules perqu\u00e8 \u201ctenen vida els 365 dies de l&#8217;any\u201d\">Read more<\/a><\/p>\n","protected":false},"author":2,"featured_media":14560,"comment_status":"closed","ping_status":"closed","sticky":false,"template":"","format":"standard","meta":{"om_disable_all_campaigns":false,"_monsterinsights_skip_tracking":false,"_monsterinsights_sitenote_active":false,"_monsterinsights_sitenote_note":"","_monsterinsights_sitenote_category":0,"_uf_show_specific_survey":0,"_uf_disable_surveys":false,"footnotes":""},"categories":[3],"tags":[],"class_list":["post-14559","post","type-post","status-publish","format-standard","has-post-thumbnail","hentry","category-nules"],"_links":{"self":[{"href":"https:\/\/elcafedepipa.com\/index.php\/wp-json\/wp\/v2\/posts\/14559","targetHints":{"allow":["GET"]}}],"collection":[{"href":"https:\/\/elcafedepipa.com\/index.php\/wp-json\/wp\/v2\/posts"}],"about":[{"href":"https:\/\/elcafedepipa.com\/index.php\/wp-json\/wp\/v2\/types\/post"}],"author":[{"embeddable":true,"href":"https:\/\/elcafedepipa.com\/index.php\/wp-json\/wp\/v2\/users\/2"}],"replies":[{"embeddable":true,"href":"https:\/\/elcafedepipa.com\/index.php\/wp-json\/wp\/v2\/comments?post=14559"}],"version-history":[{"count":0,"href":"https:\/\/elcafedepipa.com\/index.php\/wp-json\/wp\/v2\/posts\/14559\/revisions"}],"wp:featuredmedia":[{"embeddable":true,"href":"https:\/\/elcafedepipa.com\/index.php\/wp-json\/wp\/v2\/media\/14560"}],"wp:attachment":[{"href":"https:\/\/elcafedepipa.com\/index.php\/wp-json\/wp\/v2\/media?parent=14559"}],"wp:term":[{"taxonomy":"category","embeddable":true,"href":"https:\/\/elcafedepipa.com\/index.php\/wp-json\/wp\/v2\/categories?post=14559"},{"taxonomy":"post_tag","embeddable":true,"href":"https:\/\/elcafedepipa.com\/index.php\/wp-json\/wp\/v2\/tags?post=14559"}],"curies":[{"name":"wp","href":"https:\/\/api.w.org\/{rel}","templated":true}]}}