{"id":14556,"date":"2025-06-05T09:12:23","date_gmt":"2025-06-05T07:12:23","guid":{"rendered":"https:\/\/elcafedepipa.com\/?p=14556"},"modified":"2025-06-05T09:12:23","modified_gmt":"2025-06-05T07:12:23","slug":"nules-promou-la-seua-delcaracio-com-a-zona-afectada-per-plaga-de-conills","status":"publish","type":"post","link":"https:\/\/elcafedepipa.com\/index.php\/2025\/06\/05\/nules-promou-la-seua-delcaracio-com-a-zona-afectada-per-plaga-de-conills\/","title":{"rendered":"Nules promou la seua delcaraci\u00f3 com a zona afectada per plaga de conills"},"content":{"rendered":"\n<p>L\u2019Ajuntament de Nules juntament amb l\u2019Associaci\u00f3 Independent de Llauradors de Nules i de l\u2019Associaci\u00f3 de Ca\u00e7adors del municipi han posat en marxa una campanya de recollida de queixes pels danys ocasionats per la plaga de conills de muntanya que hi ha al terme municipal, amb la finalitat de sol\u00b7licitar a la Conselleria de Medi Ambient, Infraestructures i Territori la seua declaraci\u00f3 com a zona afectada.<\/p>\n\n\n\n<p>Aix\u00ed, el regidor d\u2019Agricultura, C\u00e9sar Esta\u00f1ol, comenta que \u201camb aquesta iniciativa el que es pret\u00e9n \u00e9s que la conselleria dugui a terme les actuacions necess\u00e0ries per al control efectiu i urgent de les poblacions de conill a les zones afectades, al mateix temps que promogui la declaraci\u00f3 de Nules com a zona afectada per plaga de conill de muntanya\u201d.<\/p>\n\n\n\n<p>En aquest sentit, cal assenyalar que segons la normativa vigent hi ha la possibilitat de l\u2019adopci\u00f3 de mesures excepcionals de control cineg\u00e8tic, i de la concessi\u00f3 d\u2019ajudes i de subvencions previstes als programes de suport a les persones afectades.<\/p>\n\n\n\n<p>No obstant aix\u00f2, des de la regidoria d\u2019Agricultura s\u2019explica que hi ha finques que registren danys continuats, greus i progressius en els seus cultius com a conseq\u00fc\u00e8ncia de la proliferaci\u00f3 descontrolada del conill de muntanya, de manera que \u201cles p\u00e8rdues econ\u00f2miques derivades d\u2019aquesta situaci\u00f3 afecten de forma directa i greu a la rendibilitat de l\u2019explotaci\u00f3 agr\u00edcola\u201d, matisa Esta\u00f1ol.<\/p>\n\n\n\n<p>A aquest efecte, les persones afectades interessades a presentar la corresponent declaraci\u00f3 de danys en cultius ho poden fer a la seu de l\u2019Associaci\u00f3 Independent de Llauradors de Nules, ubicada a la segona planta de l\u2019edifici Natiu (antiga Cambra Agr\u00e0ria), els dimecres a la vesprada, o al departament d\u2019Urbanisme de l\u2019Ajuntament de Nules de dilluns a divendres en horari de mat\u00ed.<\/p>\n\n\n\n<p><\/p>\n","protected":false},"excerpt":{"rendered":"<p>L\u2019Ajuntament de Nules juntament amb l\u2019Associaci\u00f3 Independent de Llauradors de Nules i de l\u2019Associaci\u00f3 de Ca\u00e7adors del municipi han posat en marxa una campanya de recollida de queixes pels danys ocasionats per la plaga de conills de muntanya que hi ha al terme municipal, amb la finalitat de sol\u00b7licitar a la Conselleria de Medi Ambient, &#8230; <a title=\"Nules promou la seua delcaraci\u00f3 com a zona afectada per plaga de conills\" class=\"read-more\" href=\"https:\/\/elcafedepipa.com\/index.php\/2025\/06\/05\/nules-promou-la-seua-delcaracio-com-a-zona-afectada-per-plaga-de-conills\/\" aria-label=\"M\u00e9s informaci\u00f3 sobre Nules promou la seua delcaraci\u00f3 com a zona afectada per plaga de conills\">Read more<\/a><\/p>\n","protected":false},"author":2,"featured_media":14557,"comment_status":"closed","ping_status":"closed","sticky":false,"template":"","format":"standard","meta":{"om_disable_all_campaigns":false,"_monsterinsights_skip_tracking":false,"_monsterinsights_sitenote_active":false,"_monsterinsights_sitenote_note":"","_monsterinsights_sitenote_category":0,"_uf_show_specific_survey":0,"_uf_disable_surveys":false,"footnotes":""},"categories":[3],"tags":[],"class_list":["post-14556","post","type-post","status-publish","format-standard","has-post-thumbnail","hentry","category-nules"],"_links":{"self":[{"href":"https:\/\/elcafedepipa.com\/index.php\/wp-json\/wp\/v2\/posts\/14556","targetHints":{"allow":["GET"]}}],"collection":[{"href":"https:\/\/elcafedepipa.com\/index.php\/wp-json\/wp\/v2\/posts"}],"about":[{"href":"https:\/\/elcafedepipa.com\/index.php\/wp-json\/wp\/v2\/types\/post"}],"author":[{"embeddable":true,"href":"https:\/\/elcafedepipa.com\/index.php\/wp-json\/wp\/v2\/users\/2"}],"replies":[{"embeddable":true,"href":"https:\/\/elcafedepipa.com\/index.php\/wp-json\/wp\/v2\/comments?post=14556"}],"version-history":[{"count":0,"href":"https:\/\/elcafedepipa.com\/index.php\/wp-json\/wp\/v2\/posts\/14556\/revisions"}],"wp:featuredmedia":[{"embeddable":true,"href":"https:\/\/elcafedepipa.com\/index.php\/wp-json\/wp\/v2\/media\/14557"}],"wp:attachment":[{"href":"https:\/\/elcafedepipa.com\/index.php\/wp-json\/wp\/v2\/media?parent=14556"}],"wp:term":[{"taxonomy":"category","embeddable":true,"href":"https:\/\/elcafedepipa.com\/index.php\/wp-json\/wp\/v2\/categories?post=14556"},{"taxonomy":"post_tag","embeddable":true,"href":"https:\/\/elcafedepipa.com\/index.php\/wp-json\/wp\/v2\/tags?post=14556"}],"curies":[{"name":"wp","href":"https:\/\/api.w.org\/{rel}","templated":true}]}}